{"id":92,"date":"2011-04-14T17:17:21","date_gmt":"2011-04-14T14:17:21","guid":{"rendered":"http:\/\/www.askolankokoomus.fi\/?p=92"},"modified":"2011-04-14T20:25:58","modified_gmt":"2011-04-14T17:25:58","slug":"jyrki-katainen-askolassa-launtaina-242011","status":"publish","type":"post","link":"https:\/\/www.askolankokoomus.fi\/?p=92","title":{"rendered":"Jyrki Katainen l\u00e4mmitti eduskuntavaalitunnelmaa Askolassa !"},"content":{"rendered":"<p><img loading=\"lazy\" decoding=\"async\" class=\"alignleft\" style=\"float: left;\" src=\"https:\/\/www.askolankokoomus.fi\/wp-content\/uploads\/2010\/12\/katainen.jpg\" alt=\"\" width=\"140\" height=\"195\" \/><em>Huom! T\u00e4m\u00e4 sivusto joutui hy\u00f6kk\u00e4yksen kohteeksi ja oli pari p\u00e4iv\u00e4\u00e4 suljettuna. Ongelmat on nyt ratkaistu ja sivu toimii taas.<\/em><\/p>\n<p>Kokoomuksen puheenjohtaja, valtiovarainministeri <a href=\"http:\/\/www.jyrkikatainen.fi\">Jyrki Katainen <\/a>oli tavattavissa Askolan Salen edustalla lauantaina 2.4.2011. Kiitokset runsaasta osanotosta! Paikalla olivat Jyrkin lis\u00e4ksi my\u00f6s Kokoomuksen ehdokkaat <a href=\"http:\/\/www.outimakela.com\">Outi M\u00e4kel\u00e4<\/a>, <a href=\"http:\/\/www.ristoanttonen.kokoomus.net\">Risto Anttonen<\/a> ja <a href=\"http:\/\/www.eliaseramaja.fi\">Elias Er\u00e4maja<\/a>. Tilaisuuden j\u00e4rjesti Askolan Kokoomus.<\/p>\n<p><a href=\"http:\/\/www.kokoomus.fi\">Kokoomuksen<\/a> erinomaisiin <a href=\"http:\/\/www.paremminvointivaltio.fi\">eduskuntavaali<\/a>ehdokkaisiin Uudellamaalla voitte tutustua <a href=\"http:\/\/www.uudenmaankokoomus.fi\/eduskuntavaalit-2011\/\">t\u00e4m\u00e4n linkin<\/a> kautta. Kokoomuksen vaalimainokset Askolassa l\u00f6ytyv\u00e4t ymp\u00e4ri kuntaa.<\/p>\n<p>Askolan Kokoomuksen kev\u00e4tkokous on heti vaalien j\u00e4lkeisen\u00e4 p\u00e4iv\u00e4n\u00e4 18.4. klo 19 alkaen Tereht\u00f6\u00f6riss\u00e4. J\u00e4senet ovat tervetulleita! Hallitus jo klo 18.30 samassa paikassa.<\/p>\n","protected":false},"excerpt":{"rendered":"<p>Huom! T\u00e4m\u00e4 sivusto joutui hy\u00f6kk\u00e4yksen kohteeksi ja oli pari p\u00e4iv\u00e4\u00e4 suljettuna. Ongelmat on nyt ratkaistu ja sivu toimii taas. Kokoomuksen puheenjohtaja, valtiovarainministeri Jyrki Katainen oli tavattavissa Askolan Salen edustalla lauantaina 2.4.2011. Kiitokset runsaasta osanotosta! Paikalla olivat Jyrkin lis\u00e4ksi my\u00f6s Kokoomuksen &hellip; <a href=\"https:\/\/www.askolankokoomus.fi\/?p=92\">Lue loppuun <span class=\"meta-nav\">&rarr;<\/span><\/a><\/p>\n","protected":false},"author":1,"featured_media":0,"comment_status":"open","ping_status":"open","sticky":false,"template":"","format":"standard","meta":{"footnotes":""},"categories":[3],"tags":[],"class_list":["post-92","post","type-post","status-publish","format-standard","hentry","category-uutiset"],"_links":{"self":[{"href":"https:\/\/www.askolankokoomus.fi\/index.php?rest_route=\/wp\/v2\/posts\/92","targetHints":{"allow":["GET"]}}],"collection":[{"href":"https:\/\/www.askolankokoomus.fi\/index.php?rest_route=\/wp\/v2\/posts"}],"about":[{"href":"https:\/\/www.askolankokoomus.fi\/index.php?rest_route=\/wp\/v2\/types\/post"}],"author":[{"embeddable":true,"href":"https:\/\/www.askolankokoomus.fi\/index.php?rest_route=\/wp\/v2\/users\/1"}],"replies":[{"embeddable":true,"href":"https:\/\/www.askolankokoomus.fi\/index.php?rest_route=%2Fwp%2Fv2%2Fcomments&post=92"}],"version-history":[{"count":5,"href":"https:\/\/www.askolankokoomus.fi\/index.php?rest_route=\/wp\/v2\/posts\/92\/revisions"}],"predecessor-version":[{"id":98,"href":"https:\/\/www.askolankokoomus.fi\/index.php?rest_route=\/wp\/v2\/posts\/92\/revisions\/98"}],"wp:attachment":[{"href":"https:\/\/www.askolankokoomus.fi\/index.php?rest_route=%2Fwp%2Fv2%2Fmedia&parent=92"}],"wp:term":[{"taxonomy":"category","embeddable":true,"href":"https:\/\/www.askolankokoomus.fi\/index.php?rest_route=%2Fwp%2Fv2%2Fcategories&post=92"},{"taxonomy":"post_tag","embeddable":true,"href":"https:\/\/www.askolankokoomus.fi\/index.php?rest_route=%2Fwp%2Fv2%2Ftags&post=92"}],"curies":[{"name":"wp","href":"https:\/\/api.w.org\/{rel}","templated":true}]}}