{"id":860,"date":"2016-01-14T14:22:42","date_gmt":"2016-01-14T11:22:42","guid":{"rendered":"http:\/\/www.askolankokoomus.fi\/?p=860"},"modified":"2016-04-13T12:20:29","modified_gmt":"2016-04-13T09:20:29","slug":"kunnanvaltuuston-pj-riku-honkasalon-juhlapuhe-askolan-kunnan-120-vuotisjuhlassa","status":"publish","type":"post","link":"https:\/\/www.askolankokoomus.fi\/?p=860","title":{"rendered":"Kunnanvaltuuston pj. Riku Honkasalon juhlapuhe Askolan kunnan 120-vuotisjuhlassa."},"content":{"rendered":"<p><a href=\"http:\/\/www.askolankokoomus.fi\/?attachment_id=898\" rel=\"attachment wp-att-898\"><img loading=\"lazy\" decoding=\"async\" class=\"alignleft size-thumbnail wp-image-898\" src=\"https:\/\/www.askolankokoomus.fi\/wp-content\/uploads\/2016\/04\/askolan-vaakuna-150x150.jpg\" alt=\"askolan vaakuna\" width=\"150\" height=\"150\" \/><\/a>Askolan kunta t\u00e4ytti 120 vuotta 1.1.2016. Kokoomuksen valtuustoryhm\u00e4 teki kes\u00e4kuussa 2015 <a href=\"http:\/\/www.askolankokoomus.fi\/?p=831\">valtuustoaloitteen<\/a> siit\u00e4, ett\u00e4 Askolan kunnan tulisi juhlia merkkivuottaan asiaankuuluvalla tavalla, etenkin tilanteessa jossa kunnan itsen\u00e4isyys ei ole viime vuosina ollut itsest\u00e4\u00e4nselvyys. Kunta p\u00e4\u00e4ttikin perustaa juhlatoimikunnan, joka on valmistellut juhlaohjelmaa koko alkaneelle vuodelle.<\/p>\n<p>Esimakuna t\u00e4st\u00e4 kunta j\u00e4rjesti 31.12.2015 Askola-areenalla kuntalaistilaisuuden, joka huipentui ilotulitukseen. 1.1.2016 j\u00e4rjestettiin virallinen 120-vuotisjuhla Askolan koululla. Molemmat tilaisuudet ker\u00e4siv\u00e4t runsaan osanoton. Kunnanvaltuuston puheenjohtaja <strong>Riku Honkasalon<\/strong> (kok.) <a href=\"http:\/\/www.askolankokoomus.fi\/?page_id=48\" name=\"120\">juhlapuhe on nyt luettavissa t\u00e4m\u00e4n sivuston blogi-osiossa<\/a>.<\/p>\n","protected":false},"excerpt":{"rendered":"<p>Askolan kunta t\u00e4ytti 120 vuotta 1.1.2016. Kokoomuksen valtuustoryhm\u00e4 teki kes\u00e4kuussa 2015 valtuustoaloitteen siit\u00e4, ett\u00e4 Askolan kunnan tulisi juhlia merkkivuottaan asiaankuuluvalla tavalla, etenkin tilanteessa jossa kunnan itsen\u00e4isyys ei ole viime vuosina ollut itsest\u00e4\u00e4nselvyys. Kunta p\u00e4\u00e4ttikin perustaa juhlatoimikunnan, joka on valmistellut juhlaohjelmaa &hellip; <a href=\"https:\/\/www.askolankokoomus.fi\/?p=860\">Lue loppuun <span class=\"meta-nav\">&rarr;<\/span><\/a><\/p>\n","protected":false},"author":1,"featured_media":0,"comment_status":"open","ping_status":"open","sticky":false,"template":"","format":"standard","meta":{"footnotes":""},"categories":[3],"tags":[],"class_list":["post-860","post","type-post","status-publish","format-standard","hentry","category-uutiset"],"_links":{"self":[{"href":"https:\/\/www.askolankokoomus.fi\/index.php?rest_route=\/wp\/v2\/posts\/860","targetHints":{"allow":["GET"]}}],"collection":[{"href":"https:\/\/www.askolankokoomus.fi\/index.php?rest_route=\/wp\/v2\/posts"}],"about":[{"href":"https:\/\/www.askolankokoomus.fi\/index.php?rest_route=\/wp\/v2\/types\/post"}],"author":[{"embeddable":true,"href":"https:\/\/www.askolankokoomus.fi\/index.php?rest_route=\/wp\/v2\/users\/1"}],"replies":[{"embeddable":true,"href":"https:\/\/www.askolankokoomus.fi\/index.php?rest_route=%2Fwp%2Fv2%2Fcomments&post=860"}],"version-history":[{"count":10,"href":"https:\/\/www.askolankokoomus.fi\/index.php?rest_route=\/wp\/v2\/posts\/860\/revisions"}],"predecessor-version":[{"id":901,"href":"https:\/\/www.askolankokoomus.fi\/index.php?rest_route=\/wp\/v2\/posts\/860\/revisions\/901"}],"wp:attachment":[{"href":"https:\/\/www.askolankokoomus.fi\/index.php?rest_route=%2Fwp%2Fv2%2Fmedia&parent=860"}],"wp:term":[{"taxonomy":"category","embeddable":true,"href":"https:\/\/www.askolankokoomus.fi\/index.php?rest_route=%2Fwp%2Fv2%2Fcategories&post=860"},{"taxonomy":"post_tag","embeddable":true,"href":"https:\/\/www.askolankokoomus.fi\/index.php?rest_route=%2Fwp%2Fv2%2Ftags&post=860"}],"curies":[{"name":"wp","href":"https:\/\/api.w.org\/{rel}","templated":true}]}}