{"id":839,"date":"2015-08-20T22:13:44","date_gmt":"2015-08-20T19:13:44","guid":{"rendered":"http:\/\/www.askolankokoomus.fi\/?p=839"},"modified":"2015-10-01T09:17:27","modified_gmt":"2015-10-01T06:17:27","slug":"antti-ollila-kokoomuksen-valtuustoryhmaan","status":"publish","type":"post","link":"https:\/\/www.askolankokoomus.fi\/?p=839","title":{"rendered":"Antti Ollila Kokoomuksen valtuustoryhm\u00e4\u00e4n"},"content":{"rendered":"<p><a href=\"http:\/\/www.askolankokoomus.fi\/wp-content\/uploads\/2015\/04\/leijona.jpg\"><img loading=\"lazy\" decoding=\"async\" class=\"alignleft size-thumbnail wp-image-822\" src=\"https:\/\/www.askolankokoomus.fi\/wp-content\/uploads\/2015\/04\/leijona-150x150.jpg\" alt=\"leijona\" width=\"150\" height=\"150\" \/><\/a>Kokoomuksen valtuustoryhm\u00e4 Askolassa kasvoi seitsenj\u00e4seniseksi <strong>Antti Ollilan<\/strong> siirrytty\u00e4 20.8.2015 ryhm\u00e4n j\u00e4seneksi. Ollila jatkaa my\u00f6s kunnanvaltuuston varapuheenjohtajana. Askolan Kokoomus toivottaa Antin l\u00e4mpim\u00e4sti tervetulleeksi ryhm\u00e4\u00e4mme ajamaan entist\u00e4kin parempaa ja kuntalaisyst\u00e4v\u00e4llisemp\u00e4\u00e4 Askolaa !<\/p>\n","protected":false},"excerpt":{"rendered":"<p>Kokoomuksen valtuustoryhm\u00e4 Askolassa kasvoi seitsenj\u00e4seniseksi Antti Ollilan siirrytty\u00e4 20.8.2015 ryhm\u00e4n j\u00e4seneksi. Ollila jatkaa my\u00f6s kunnanvaltuuston varapuheenjohtajana. Askolan Kokoomus toivottaa Antin l\u00e4mpim\u00e4sti tervetulleeksi ryhm\u00e4\u00e4mme ajamaan entist\u00e4kin parempaa ja kuntalaisyst\u00e4v\u00e4llisemp\u00e4\u00e4 Askolaa !<\/p>\n","protected":false},"author":1,"featured_media":0,"comment_status":"open","ping_status":"open","sticky":false,"template":"","format":"standard","meta":{"footnotes":""},"categories":[3],"tags":[],"class_list":["post-839","post","type-post","status-publish","format-standard","hentry","category-uutiset"],"_links":{"self":[{"href":"https:\/\/www.askolankokoomus.fi\/index.php?rest_route=\/wp\/v2\/posts\/839","targetHints":{"allow":["GET"]}}],"collection":[{"href":"https:\/\/www.askolankokoomus.fi\/index.php?rest_route=\/wp\/v2\/posts"}],"about":[{"href":"https:\/\/www.askolankokoomus.fi\/index.php?rest_route=\/wp\/v2\/types\/post"}],"author":[{"embeddable":true,"href":"https:\/\/www.askolankokoomus.fi\/index.php?rest_route=\/wp\/v2\/users\/1"}],"replies":[{"embeddable":true,"href":"https:\/\/www.askolankokoomus.fi\/index.php?rest_route=%2Fwp%2Fv2%2Fcomments&post=839"}],"version-history":[{"count":1,"href":"https:\/\/www.askolankokoomus.fi\/index.php?rest_route=\/wp\/v2\/posts\/839\/revisions"}],"predecessor-version":[{"id":840,"href":"https:\/\/www.askolankokoomus.fi\/index.php?rest_route=\/wp\/v2\/posts\/839\/revisions\/840"}],"wp:attachment":[{"href":"https:\/\/www.askolankokoomus.fi\/index.php?rest_route=%2Fwp%2Fv2%2Fmedia&parent=839"}],"wp:term":[{"taxonomy":"category","embeddable":true,"href":"https:\/\/www.askolankokoomus.fi\/index.php?rest_route=%2Fwp%2Fv2%2Fcategories&post=839"},{"taxonomy":"post_tag","embeddable":true,"href":"https:\/\/www.askolankokoomus.fi\/index.php?rest_route=%2Fwp%2Fv2%2Ftags&post=839"}],"curies":[{"name":"wp","href":"https:\/\/api.w.org\/{rel}","templated":true}]}}