{"id":83,"date":"2010-12-27T11:03:03","date_gmt":"2010-12-27T08:03:03","guid":{"rendered":"http:\/\/www.askolankokoomus.fi\/?p=83"},"modified":"2010-12-27T12:34:09","modified_gmt":"2010-12-27T09:34:09","slug":"kokoomuksen-valtuustoaloitteita-seka-aiempien-aloitteiden-toteutumisia","status":"publish","type":"post","link":"https:\/\/www.askolankokoomus.fi\/?p=83","title":{"rendered":"Kiitos vuodesta 2010 ja hyv\u00e4\u00e4 uutta vuotta 2011 !"},"content":{"rendered":"<p><img loading=\"lazy\" decoding=\"async\" title=\"Askolan Kokoomus\" src=\"https:\/\/www.askolankokoomus.fi\/wp-content\/uploads\/2008\/05\/askolankok.jpg\" alt=\"Askolan Kokoomus\" width=\"115\" height=\"188\" align=\"left\" \/>Askolan Kokoomus kiitt\u00e4\u00e4 tukijoitaan vuodesta 2010 ja toivottaa kaikille hyv\u00e4\u00e4 uutta vuotta 2011!<\/p>\n<p>Vuoden 2010 lopussa kunnanvaltuusto kokoontui viel\u00e4 kahteen kertaan. Kokouksessa 20.12.2010 kokoomuslaiset tukivat kunnan ja Askola-areenan kanssa teht\u00e4v\u00e4\u00e4 pitk\u00e4aikaista k\u00e4ytt\u00f6sopimusta.<\/p>\n<p>Kokouksessa 7.12.2010 Askolan Kokoomuksen valtuustoryhm\u00e4 allekirjoitti kokonaisuudessaan <strong>Riku Honkasalon<\/strong> valtuustoaloitteet elinkaarimallin selvitt\u00e4misest\u00e4 koulurakentamisessa sek\u00e4 Keh\u00e4 V-hankkeen edist\u00e4misest\u00e4 my\u00f6s Askolassa.\u00a0 Lis\u00e4ksi Kokoomuksen aiemmat aloitteet ovat etenem\u00e4ss\u00e4 (maauimalan aukiolo, S\u00e4rkij\u00e4rven pururata, partiolaisten toimitila yms.).<\/p>\n<p><!--more--><\/p>\n<p><strong>ELINKAARIMALLI SELVITETT\u00c4V\u00c4 KOULUJEN OSALTA<\/strong><\/p>\n<p>Askolan tulevia kouluratkaisuja ollaan py\u00f6ritetty kauan, ja v\u00e4hitellen olisi p\u00e4\u00e4t\u00f6sten aika. Kuten parakkien &#8221;j\u00e4\u00e4dytty\u00e4&#8221; j\u00e4lleen huomattiin, olisi pitk\u00e4kestoisempien ratkaisuiden aika. Nyt keskustelu palaa ympyr\u00e4n lailla samoihin tai entist\u00e4kin heikompiin hajauttaviin sirpalointiehdotuksiin, jotka k\u00e4yt\u00e4nn\u00f6ss\u00e4 merkitsev\u00e4t mammuttikoulun rakentamista Kirkonkyl\u00e4\u00e4n sek\u00e4 voimistuvaa bussi- ja taksirallia.<\/p>\n<p>Etenkin Monninkyl\u00e4n, mutta my\u00f6s kunnan muiden kylien edelleen n\u00e4ivett\u00e4minen ei ole Askolan kunnan edun tai kuntastrategiankaan mukaista. Jos 6000 asukkaan tavoitteen halutaan todellakin toteutuvan, on kunnan j\u00e4rjestett\u00e4v\u00e4 uutta asianmukaista koulutilaa niin Kirkonkyl\u00e4\u00e4n kuin Monninkyl\u00e4\u00e4nkin (unohtamatta pienempien koulujen tiloista huolehtimista).<\/p>\n<p>Kouluratkaisujen jouduttamiseksi aloitteen tekij\u00e4t esitt\u00e4v\u00e4t, ett\u00e4 Askolassa selvitet\u00e4\u00e4n my\u00f6s ns. elinkaarimalli mahdollisuutena toteuttaa tarvittavat uudet koulutilat mahdollisimman nopealla aikataululla. Peruste elinkaarimallin hylk\u00e4\u00e4miselle ei ole valtionavustusten saamatta j\u00e4\u00e4minen, koska tilaaja eli kunta ei elinkaarimallissa yleens\u00e4 muutoinkaan vastaa rahoituksesta.<\/p>\n<p>Elinkaarimallin puolueeton selvitt\u00e4minen ei tarkoita sit\u00e4, ett\u00e4 Askolan tarvitsisi lopulta valita kyseist\u00e4 mallia.<\/p>\n<p><strong>ASKOLA JA KEH\u00c4 V<\/strong><\/p>\n<p>Keh\u00e4 V-hankkeen toimijat ovat esitt\u00e4neet tien varren (vt 25 ja kt 55) kunnille, ett\u00e4 ne muuttaisivat alueellaan tien nimeksi &#8221;Keh\u00e4 V&#8221;. Esimerkiksi M\u00e4nts\u00e4l\u00e4 on jo osaltaan p\u00e4\u00e4tt\u00e4nyt toimia n\u00e4in.<\/p>\n<p>Keh\u00e4 V-hanke on ollut melko v\u00e4h\u00e4isesti esill\u00e4 Askolassa, ja toisaalta Askola on n\u00e4ytt\u00e4ytynyt Keh\u00e4 V-hankkeen materiaaleissa l\u00e4hinn\u00e4 tyhji\u00f6n\u00e4. Kyseess\u00e4 on kuitenkin my\u00f6s Askolan kannalta merkitt\u00e4v\u00e4 kehitt\u00e4mis- ja kehittymismahdollisuus. Kunnan sijoittuminen keh\u00e4tien varteen luo (oikeaa) mielikuvaa metropolialueen l\u00e4heisyydest\u00e4, ja edist\u00e4\u00e4 siten positiivista mielikuvaa Askolasta asuin- ja yritt\u00e4mispaikkana sek\u00e4 investointikohteena.<\/p>\n<p>Aloitteen tekij\u00e4t esitt\u00e4v\u00e4t, ett\u00e4 Askolassa kartoitetaan pikaisesti mahdollisuudet nimet\u00e4 kantatie 55 Askolan alueella Keh\u00e4 V:ksi.<\/p>\n<p>***<\/p>\n<p><strong>-Jouni Vilkin<\/strong> j\u00e4tt\u00e4m\u00e4 aloite S\u00e4rkij\u00e4rven pururadan siirrosta on johtanut asian kirjaamiseen kunnan investointiohjelmaan, joten hanke toteutuu l\u00e4hitulevaisuudessa.<br \/>\n&#8211;<strong>Petri Matikaisen<\/strong> aloite koulujen liikennej\u00e4rjestelyist\u00e4 sek\u00e4 <strong>Saga Simelius-Niemisen<\/strong> aloite Askolan torin p\u00e4\u00e4llyst\u00e4misest\u00e4 ovat edenneet teknisen johtajan k\u00e4sitelt\u00e4viksi. (Lis\u00e4\u00e4 asioiden etenemisest\u00e4 t\u00e4ll\u00e4 sivulla my\u00f6hemmin).<br \/>\n&#8211;<strong>Riku Honkasalon<\/strong> j\u00e4tt\u00e4m\u00e4 aloite partiolaisten toimitila-asiasta ollaan huomiomassa (esitys)\u00a0niin, ett\u00e4 partiolaisille tullaan ensisijaisesti tarjoamaan toimitilaa Askolan koulun remontoitavista A-siiven tiloista.\u00a0 My\u00f6s muita vaihtoehtoja tullaan tarvittaessa kartoittamaan.<\/p>\n<p>Honkasalon toinen aloite Monninkyl\u00e4n maauimalan aukiolon pident\u00e4misest\u00e4 on etenem\u00e4ss\u00e4 (esitys)\u00a0niin, ett\u00e4 aukiolo pitenee v\u00e4hint\u00e4\u00e4n kahdella viikolla jo kes\u00e4ll\u00e4 2011.<\/p>\n<p>***<\/p>\n<p>T\u00e4st\u00e4 voitte tutustua <a href=\"http:\/\/www.askolankokoomus.fi\/?page_id=81\">Askolan Kokoomuksen toimintaohjelman 2009-2012<\/a>.<\/p>\n<p>Onko mieless\u00e4nne kohteita tai asioita, johon haluaisitte Askolan Kokoomuksen kautta vaikuttaa? Ottakaa ihmeess\u00e4 meihin <a href=\"http:\/\/www.askolankokoomus.fi\/?page_id=6\">yhteytt\u00e4<\/a> tai <a href=\"http:\/\/www.askolankokoomus.fi\/?page_id=8\">tulkaa mukaan<\/a> toimintaamme!<\/p>\n","protected":false},"excerpt":{"rendered":"<p>Askolan Kokoomus kiitt\u00e4\u00e4 tukijoitaan vuodesta 2010 ja toivottaa kaikille hyv\u00e4\u00e4 uutta vuotta 2011! Vuoden 2010 lopussa kunnanvaltuusto kokoontui viel\u00e4 kahteen kertaan. Kokouksessa 20.12.2010 kokoomuslaiset tukivat kunnan ja Askola-areenan kanssa teht\u00e4v\u00e4\u00e4 pitk\u00e4aikaista k\u00e4ytt\u00f6sopimusta. Kokouksessa 7.12.2010 Askolan Kokoomuksen valtuustoryhm\u00e4 allekirjoitti kokonaisuudessaan Riku &hellip; <a href=\"https:\/\/www.askolankokoomus.fi\/?p=83\">Lue loppuun <span class=\"meta-nav\">&rarr;<\/span><\/a><\/p>\n","protected":false},"author":1,"featured_media":0,"comment_status":"open","ping_status":"open","sticky":false,"template":"","format":"standard","meta":{"footnotes":""},"categories":[3],"tags":[],"class_list":["post-83","post","type-post","status-publish","format-standard","hentry","category-uutiset"],"_links":{"self":[{"href":"https:\/\/www.askolankokoomus.fi\/index.php?rest_route=\/wp\/v2\/posts\/83","targetHints":{"allow":["GET"]}}],"collection":[{"href":"https:\/\/www.askolankokoomus.fi\/index.php?rest_route=\/wp\/v2\/posts"}],"about":[{"href":"https:\/\/www.askolankokoomus.fi\/index.php?rest_route=\/wp\/v2\/types\/post"}],"author":[{"embeddable":true,"href":"https:\/\/www.askolankokoomus.fi\/index.php?rest_route=\/wp\/v2\/users\/1"}],"replies":[{"embeddable":true,"href":"https:\/\/www.askolankokoomus.fi\/index.php?rest_route=%2Fwp%2Fv2%2Fcomments&post=83"}],"version-history":[{"count":0,"href":"https:\/\/www.askolankokoomus.fi\/index.php?rest_route=\/wp\/v2\/posts\/83\/revisions"}],"wp:attachment":[{"href":"https:\/\/www.askolankokoomus.fi\/index.php?rest_route=%2Fwp%2Fv2%2Fmedia&parent=83"}],"wp:term":[{"taxonomy":"category","embeddable":true,"href":"https:\/\/www.askolankokoomus.fi\/index.php?rest_route=%2Fwp%2Fv2%2Fcategories&post=83"},{"taxonomy":"post_tag","embeddable":true,"href":"https:\/\/www.askolankokoomus.fi\/index.php?rest_route=%2Fwp%2Fv2%2Ftags&post=83"}],"curies":[{"name":"wp","href":"https:\/\/api.w.org\/{rel}","templated":true}]}}