{"id":772,"date":"2015-03-13T11:01:02","date_gmt":"2015-03-13T08:01:02","guid":{"rendered":"http:\/\/www.askolankokoomus.fi\/?p=772"},"modified":"2015-03-18T09:03:39","modified_gmt":"2015-03-18T06:03:39","slug":"stubb-ja-muita-kokoomuksen-ehdokkaita-monninkylassa-ja-askolan-kirkolla-la-21-3-2015","status":"publish","type":"post","link":"https:\/\/www.askolankokoomus.fi\/?p=772","title":{"rendered":"Kokoomuksen ehdokkaita Monninkyl\u00e4ss\u00e4 ja Askolan kirkolla la 21.3.2015"},"content":{"rendered":"<p><img loading=\"lazy\" decoding=\"async\" src=\"https:\/\/www.askolankokoomus.fi\/wp-content\/uploads\/2015\/03\/Stubb.jpg\" alt=\"\" width=\"150\" height=\"150\" align=\"left\" \/><a href=\"http:\/\/vaalit.kokoomus.fi\" target=\"_blank\">Eduskuntavaalit<\/a> j\u00e4rjestet\u00e4\u00e4n 19.4.2015 (ennakko\u00e4\u00e4nestys 8.-14.4.2015). Vaalihuuma k\u00e4ynnistyy Askolassa toden teolla <strong>lauantaina 21.3.2015<\/strong>, kun <a href=\"http:\/\/www.uudenmaankokoomus.fi\/eduskuntavaalit-2015\/\" target=\"_blank\">Uudenmaan Kokoomuksen <\/a>vaalikiertue piipahtaa sek\u00e4 Monninkyl\u00e4ss\u00e4 ett\u00e4 Askolan kirkonkyl\u00e4ss\u00e4. Viitteellisen aikataulun mukaan vaalibussi pys\u00e4htyy <strong>Monninkyl\u00e4ss\u00e4 Salen l\u00e4hist\u00f6ll\u00e4\u00a0noin 12-12.30<\/strong> ja <strong>Kirkonkyl\u00e4ss\u00e4 Salen l\u00e4hist\u00f6ll\u00e4\u00a0 noin klo 12.35-13<\/strong>.\u00a0 Paikalle saapuu 23 Kokoomuksen ehdokasta, heid\u00e4n joukossaan my\u00f6s p\u00e4\u00e4ministeri <strong>Alexander Stubb<\/strong> (osallistuu ainakin Monninkyl\u00e4n osioon).\u00a0Totuttuun tapaan tarjolla vaalijuomaa ja -karkkia sek\u00e4 painavaa asiaa Suomen tulevaisuudesta. Tervetuloa! (Klikkaamalla &#8221;Lue lis\u00e4\u00e4&#8221; tapahtuman mainos, sis. saapuvat ehdokkaat).<!--more--> <img decoding=\"async\" src=\"https:\/\/www.askolankokoomus.fi\/wp-content\/uploads\/2015\/03\/21032015askola.jpg\"\/><\/p>\n","protected":false},"excerpt":{"rendered":"<p>Eduskuntavaalit j\u00e4rjestet\u00e4\u00e4n 19.4.2015 (ennakko\u00e4\u00e4nestys 8.-14.4.2015). Vaalihuuma k\u00e4ynnistyy Askolassa toden teolla lauantaina 21.3.2015, kun Uudenmaan Kokoomuksen vaalikiertue piipahtaa sek\u00e4 Monninkyl\u00e4ss\u00e4 ett\u00e4 Askolan kirkonkyl\u00e4ss\u00e4. Viitteellisen aikataulun mukaan vaalibussi pys\u00e4htyy Monninkyl\u00e4ss\u00e4 Salen l\u00e4hist\u00f6ll\u00e4\u00a0noin 12-12.30 ja Kirkonkyl\u00e4ss\u00e4 Salen l\u00e4hist\u00f6ll\u00e4\u00a0 noin klo 12.35-13.\u00a0 Paikalle saapuu &hellip; <a href=\"https:\/\/www.askolankokoomus.fi\/?p=772\">Lue loppuun <span class=\"meta-nav\">&rarr;<\/span><\/a><\/p>\n","protected":false},"author":1,"featured_media":0,"comment_status":"open","ping_status":"open","sticky":false,"template":"","format":"standard","meta":{"footnotes":""},"categories":[3],"tags":[],"class_list":["post-772","post","type-post","status-publish","format-standard","hentry","category-uutiset"],"_links":{"self":[{"href":"https:\/\/www.askolankokoomus.fi\/index.php?rest_route=\/wp\/v2\/posts\/772","targetHints":{"allow":["GET"]}}],"collection":[{"href":"https:\/\/www.askolankokoomus.fi\/index.php?rest_route=\/wp\/v2\/posts"}],"about":[{"href":"https:\/\/www.askolankokoomus.fi\/index.php?rest_route=\/wp\/v2\/types\/post"}],"author":[{"embeddable":true,"href":"https:\/\/www.askolankokoomus.fi\/index.php?rest_route=\/wp\/v2\/users\/1"}],"replies":[{"embeddable":true,"href":"https:\/\/www.askolankokoomus.fi\/index.php?rest_route=%2Fwp%2Fv2%2Fcomments&post=772"}],"version-history":[{"count":12,"href":"https:\/\/www.askolankokoomus.fi\/index.php?rest_route=\/wp\/v2\/posts\/772\/revisions"}],"predecessor-version":[{"id":797,"href":"https:\/\/www.askolankokoomus.fi\/index.php?rest_route=\/wp\/v2\/posts\/772\/revisions\/797"}],"wp:attachment":[{"href":"https:\/\/www.askolankokoomus.fi\/index.php?rest_route=%2Fwp%2Fv2%2Fmedia&parent=772"}],"wp:term":[{"taxonomy":"category","embeddable":true,"href":"https:\/\/www.askolankokoomus.fi\/index.php?rest_route=%2Fwp%2Fv2%2Fcategories&post=772"},{"taxonomy":"post_tag","embeddable":true,"href":"https:\/\/www.askolankokoomus.fi\/index.php?rest_route=%2Fwp%2Fv2%2Ftags&post=772"}],"curies":[{"name":"wp","href":"https:\/\/api.w.org\/{rel}","templated":true}]}}