{"id":77,"date":"2010-10-14T12:54:45","date_gmt":"2010-10-14T09:54:45","guid":{"rendered":"http:\/\/www.askolankokoomus.fi\/?p=77"},"modified":"2010-10-19T14:03:33","modified_gmt":"2010-10-19T11:03:33","slug":"kokoomuksen-valtuustoaloitteita-11102010","status":"publish","type":"post","link":"https:\/\/www.askolankokoomus.fi\/?p=77","title":{"rendered":"Kokoomuksen valtuustoaloitteita 11.10.2010"},"content":{"rendered":"<p><span style=\"font-size: 12pt;\"><img loading=\"lazy\" decoding=\"async\" title=\"Askolan Kokoomus\" src=\"https:\/\/www.askolankokoomus.fi\/wp-content\/uploads\/2008\/05\/askolankok.jpg\" alt=\"Askolan Kokoomus\" width=\"115\" height=\"188\" align=\"left\" \/>Askolan Kokoomuksen valtuustoryhm\u00e4 j\u00e4tti kunnanvaltuuston kokouksessa <\/span><span style=\"font-size: 12pt;\">11.10.2010 useita valtuustoaloitteita, joiden etenemist\u00e4 my\u00f6s tulemme aktiivisesti seuraamaan. Aloitteen koskivat Askolan torin p\u00e4\u00e4llyst\u00e4mist\u00e4, partiolaisten toimitilan j\u00e4rjest\u00e4mist\u00e4, Monninkyl\u00e4n maauimalan aukiolokauden pident\u00e4mist\u00e4 sek\u00e4 Monninkyl\u00e4n koulun liikenne- ja pihaj\u00e4rjestelyit\u00e4.<strong><!--more--><\/strong><\/span><\/p>\n<p><span style=\"font-size: 12pt;\"><br \/>\n<\/span><span style=\"font-size: 12pt;\"><strong>Kokoomuksen\u00a0valtuustoryhm\u00e4n aloite:\u00a0<\/strong><\/span><\/p>\n<p style=\"xtext-indent: -130pt; xmargin-left: 130pt;\">\n<p style=\"xtext-indent: -130pt; xmargin-left: 130pt;\">\u00a0<\/p>\n<p><span style=\"font-size: 12pt;\">Siltatanssity\u00f6ryhm\u00e4 on tehnyt suunnitelman j\u00e4rjest\u00e4\u00e4 vuosittain kaksi tapahtumaa, joissa kunnan eri j\u00e4rjest\u00f6t, yhdistykset, pienyritt\u00e4j\u00e4t sek\u00e4 yksityiset kuntalaiset voivat mainostaa toimintaansa ja myyd\u00e4 tuotteitaan.<\/span><\/p>\n<p style=\"xtext-indent: -130pt; xmargin-left: 130pt;\"><span style=\"font-size: 12pt;\">Toinen tapahtumista on marras-joulukuussa pidett\u00e4v\u00e4t joulumyyj\u00e4iset (t\u00e4n\u00e4 vuonna 27.11 pidett\u00e4v\u00e4t yl\u00e4asteella).<\/span><\/p>\n<p style=\"xtext-indent: -130pt; xmargin-left: 130pt;\"><span style=\"font-size: 12pt;\">Toinen on kes\u00e4tapahtuma, joka j\u00e4rjestet\u00e4\u00e4n Askolan kirkonkyl\u00e4n torilla. T\u00e4n\u00e4 vuonna siltatanssip\u00e4iv\u00e4n\u00e4, 19.6., pidetty toritapahtuma oli menestys. Eri tavoin tehtyjen arviointien mukaan p\u00e4iv\u00e4tapahtumassa oli n. 500 k\u00e4vij\u00e4\u00e4. Illan siltatansseissa oli sama k\u00e4vij\u00e4m\u00e4\u00e4r\u00e4. Toistaiseksi siltatanssit on suunniteltu pidett\u00e4v\u00e4ksi joka toinen vuosi.<\/span><\/p>\n<p style=\"xtext-indent: -130pt; xmargin-left: 130pt;\">\u00a0<\/p>\n<p style=\"xtext-indent: -130pt; xmargin-left: 130pt;\"><span style=\"font-size: 12pt;\">P\u00e4iv\u00e4tapahtuman yksi eniten toivotuista asioista oli torikahvilan j\u00e4rjest\u00e4minen tapahtuma yhteyteen. Nyt sit\u00e4 ei voi j\u00e4rjest\u00e4\u00e4, koska t\u00e4llaisenaan tori ei sovellu kahvilatoiminnan harjoittamiseen. (EVIRAn ohje\/versio 16022\/1, 5.7.2010, ulkomyyntiohje sivu 14\/26)Torin p\u00f6lyinen pinta on este leivonnaisten myynnille: Asia tarkistettu Porvoon terveystarkastaja Eeva Launoselta.) <\/span><\/p>\n<p style=\"xtext-indent: -130pt; xmargin-left: 130pt;\"><span style=\"font-size: 12pt;\">Tori on aina kuntansa er\u00e4\u00e4nlainen &#8221;k\u00e4yntikortti&#8221; ja sen tarkoitus olisi olla kodikas ja siisti kokoontumispaikka sek\u00e4 kuntalaisille ett\u00e4 vieraspaikkakuntalaisille. Nykyisess\u00e4 kunnossa tori on ep\u00e4siisti ja ep\u00e4k\u00e4yt\u00e4nn\u00f6llinen hiekkakentt\u00e4, joka on sadekausina kuoppainen ja autoja likaava. Koska torin kautta ajetaan kaupan pihaan, se rasittaa kovasti torin hiekkapintaa. Jotta Askolan kunta pystyisi vilkastuttamaan toriel\u00e4m\u00e4\u00e4, se edellytt\u00e4\u00e4 torin asfaltointia tai muuta vastaavaa p\u00e4\u00e4llyst\u00e4.<\/span><\/p>\n<p style=\"xtext-indent: -130pt; xmargin-left: 130pt;\"><span style=\"font-size: 12pt;\">Tekninen lautakunta on 24.9.2008 hyv\u00e4ksynyt torin suunnitelmat. Taloussuunnitelmassa on vuodelle 2011 varattu 40.000 \u20ac ja samoin vuodelle 2012 rahaa 40.000 \u20ac. <\/span><\/p>\n<p style=\"xtext-indent: -130pt; xmargin-left: 130pt;\"><span style=\"font-size: 12pt;\">Esit\u00e4mme, ett\u00e4 torin p\u00e4\u00e4llyst\u00e4mishanke laitetaan vireille, jotta tori olisi p\u00e4\u00e4llystetty jo ennen ensi kes\u00e4n tapahtumia.<\/span><\/p>\n<p style=\"xtext-indent: -130pt; xmargin-left: 130pt;\"><span style=\"font-size: 12pt;\">\u00a0***<\/span><span style=\"font-size: 12pt;\">\u00a0<\/span><\/p>\n<p style=\"xtext-indent: -130pt; xmargin-left: 130pt;\"><span style=\"font-size: 12pt;\"><strong>Riku Honkasalo j\u00e4tti seuraavan valtuustoaloitteen:<\/strong><\/span><\/p>\n<p style=\"xtext-indent: -130pt; xmargin-left: 130pt;\"><span style=\"font-size: 12pt;\"><strong>Kirnun Kiert\u00e4jien toimitila<\/strong><\/span><\/p>\n<p style=\"xtext-indent: -130pt; xmargin-left: 130pt;\"><span style=\"font-size: 12pt;\">Aloitteen tekij\u00e4t esitt\u00e4v\u00e4t, ett\u00e4 partiolippukunta Kirnun Kiert\u00e4jien toimitila-asia ratkaistaan kunnan my\u00f6t\u00e4vaikutuksella mahdollisimman pikaisesti. Ratkaisun on oltava partiolaisille taloudellisesti tyydytt\u00e4v\u00e4, toiminnallisesti hyv\u00e4 sek\u00e4 pitk\u00e4kestoinen.<\/span><\/p>\n<p style=\"xtext-indent: -130pt; xmargin-left: 130pt;\">\u00a0<\/p>\n<p style=\"xtext-indent: -130pt; xmargin-left: 130pt;\"><span style=\"font-size: 12pt;\">(Allekirjoitukset: Riku Honkasalo, Saga Simelius-Nieminen, Jouni Vilkki, Olli-Pekka Heikkil\u00e4, Heli H\u00e4m\u00e4l\u00e4inen ja Petri Matikainen).<\/span><\/p>\n<p style=\"xtext-indent: -130pt; xmargin-left: 130pt;\"><span style=\"font-size: 12pt;\">***\u00a0<\/span><\/p>\n<p style=\"xtext-indent: -130pt; xmargin-left: 130pt;\"><span style=\"font-size: 12pt;\"><strong>Riku Honkasalo j\u00e4tti seuraavan valtuustoaloitteen:\u00a0<\/strong><\/span><\/p>\n<p style=\"xtext-indent: -130pt; xmargin-left: 130pt;\"><span style=\"font-size: 12pt;\"><strong>Monninkyl\u00e4n maauimalan kauden pident\u00e4minen<\/strong><\/span><\/p>\n<p style=\"xtext-indent: -130pt; xmargin-left: 130pt;\"><span style=\"font-size: 12pt;\">Aloitteen tekij\u00e4t esitt\u00e4v\u00e4t, ett\u00e4 Monninkyl\u00e4n maauimalan yleis\u00f6aukioloaikoja pidennet\u00e4\u00e4n kattamaan my\u00f6s niit\u00e4 viikkoja, jolloin altaan vesi joka tapauksessa pidet\u00e4\u00e4n l\u00e4mpim\u00e4n\u00e4 esimerkiksi koulup\u00e4iv\u00e4n aikana tapahtuvaa uimaopetusta varten. T\u00e4m\u00e4 tarkoittaa k\u00e4yt\u00e4nn\u00f6ss\u00e4 toukokuun loppua ja kes\u00e4kuun alkua sek\u00e4 elokuun loppupuolta. T\u00e4m\u00e4n aukiolon mahdollistamiseksi on kartoitettava mahdollisuuksia hy\u00f6dynt\u00e4\u00e4 kunnan olemassa olevia ty\u00f6ntekij\u00e4resursseja, jolloin lis\u00e4kustannukset aukiolon jatkamisesta j\u00e4isiv\u00e4t marginaalisiksi.<\/span><\/p>\n<p style=\"xtext-indent: -130pt; xmargin-left: 130pt;\"><span style=\"font-size: 12pt;\">(Allekirjoitukset: Riku Honkasalo, Saga Simelius-Nieminen, Jouni Vilkki, Olli-Pekka Heikkil\u00e4, Heli H\u00e4m\u00e4l\u00e4inen ja Petri Matikainen).<\/span><\/p>\n<p style=\"xtext-indent: -130pt; xmargin-left: 130pt;\"><span style=\"font-size: 12pt;\">***\u00a0<\/span><\/p>\n<p style=\"xtext-indent: -130pt; xmargin-left: 130pt;\"><span style=\"font-size: 12pt;\"><strong>Petri Matikainen j\u00e4tti seuraavan valtuustoaloitteen:\u00a0<\/strong><\/span><\/p>\n<p style=\"xtext-indent: -130pt; xmargin-left: 130pt;\"><span style=\"font-size: 12pt;\">Askolan koulujen turvallisuus huolestuttaa, t\u00e4m\u00e4 aloite koskee varsinkin niiden pihoja ja parkkipaikkoja. Koulujen oppilasm\u00e4\u00e4r\u00e4t kasvavat jatkuvasti, joten liikenne pihoilla lis\u00e4\u00e4ntyy my\u00f6s. Sek\u00e4 kirkonkyl\u00e4n ett\u00e4 Monninkyl\u00e4n ala-asteiden pihoille kes\u00e4n aikana pystytetyt parakit veiv\u00e4t molemmilta kouluilta oppilaiden vanhempien pys\u00e4k\u00f6intitilat.<\/span><\/p>\n<p style=\"xtext-indent: -130pt; xmargin-left: 130pt;\"><span style=\"font-size: 12pt;\">Monninkyl\u00e4ss\u00e4 on koettu kuluneen syksyn aikana jo monta vaaratilannetta koska liikennej\u00e4rjestelyt ontuvat varsinkin aamuruuhkan aikaan, samaa on kuultu my\u00f6s Kirkonkyl\u00e4st\u00e4. Ahtailla parkkipaikoilla pit\u00e4isi j\u00e4rjest\u00e4\u00e4 looginen kiertosuunta sen sijaan, ett\u00e4 autot peruuttelevat umpikujassa. Seassa kulkee lapsia sek\u00e4 heid\u00e4n vanhempiaan, on vain ajan kysymys milloin vahinko tapahtuu.<\/span><\/p>\n<p style=\"xtext-indent: -130pt; xmargin-left: 130pt;\"><span style=\"font-size: 12pt;\">Ehdotan, ett\u00e4 Monninkyl\u00e4n koulun etupiha otetaan j\u00e4lleen k\u00e4ytt\u00f6\u00f6n mutta se rajataan kevyell\u00e4 aidalla. Alueesta tehd\u00e4\u00e4n juuri sen kokoinen, ett\u00e4 normaali henkil\u00f6auto sek\u00e4 koulu-taksi mahtuu tekem\u00e4\u00e4n U-k\u00e4\u00e4nn\u00f6ksen, jolloin yli 7-vuotiaat voidaan tuoda turvallisesti koulun pihaan niin kuin ennenkin. Jo t\u00e4ll\u00e4 toimenpiteell\u00e4 saadaan esikoulun edustalle parkkipaikkoja lis\u00e4\u00e4. Kirkonkyl\u00e4ss\u00e4 ongelman muodostaa talvella liukas ja jyrkk\u00e4 m\u00e4ki, hiekoitukseen on panostettava.<\/span><\/p>\n<p style=\"xtext-indent: -130pt; xmargin-left: 130pt;\"><span style=\"font-size: 12pt;\">Pienell\u00e4 vaivalla mutta j\u00e4rkev\u00e4ll\u00e4 suunnittelulla voidaan est\u00e4\u00e4 jopa onnettomuuksia koulujemme pihoilla, toimenpiteet on teht\u00e4v\u00e4 v\u00e4litt\u00f6m\u00e4sti.<\/span><\/p>\n<p style=\"xtext-indent: -130pt; xmargin-left: 130pt;\"><span style=\"font-size: 12pt;\">(allekirjoittajina Kokoomuksen valtuustoryhm\u00e4 kokonaisuudessaan, sek\u00e4 muutama valtuutettu my\u00f6s muista ryhmist\u00e4)<\/span><\/p>\n","protected":false},"excerpt":{"rendered":"<p>Askolan Kokoomuksen valtuustoryhm\u00e4 j\u00e4tti kunnanvaltuuston kokouksessa 11.10.2010 useita valtuustoaloitteita, joiden etenemist\u00e4 my\u00f6s tulemme aktiivisesti seuraamaan. Aloitteen koskivat Askolan torin p\u00e4\u00e4llyst\u00e4mist\u00e4, partiolaisten toimitilan j\u00e4rjest\u00e4mist\u00e4, Monninkyl\u00e4n maauimalan aukiolokauden pident\u00e4mist\u00e4 sek\u00e4 Monninkyl\u00e4n koulun liikenne- ja pihaj\u00e4rjestelyit\u00e4.<\/p>\n","protected":false},"author":1,"featured_media":0,"comment_status":"open","ping_status":"open","sticky":false,"template":"","format":"standard","meta":{"footnotes":""},"categories":[3],"tags":[],"class_list":["post-77","post","type-post","status-publish","format-standard","hentry","category-uutiset"],"_links":{"self":[{"href":"https:\/\/www.askolankokoomus.fi\/index.php?rest_route=\/wp\/v2\/posts\/77","targetHints":{"allow":["GET"]}}],"collection":[{"href":"https:\/\/www.askolankokoomus.fi\/index.php?rest_route=\/wp\/v2\/posts"}],"about":[{"href":"https:\/\/www.askolankokoomus.fi\/index.php?rest_route=\/wp\/v2\/types\/post"}],"author":[{"embeddable":true,"href":"https:\/\/www.askolankokoomus.fi\/index.php?rest_route=\/wp\/v2\/users\/1"}],"replies":[{"embeddable":true,"href":"https:\/\/www.askolankokoomus.fi\/index.php?rest_route=%2Fwp%2Fv2%2Fcomments&post=77"}],"version-history":[{"count":0,"href":"https:\/\/www.askolankokoomus.fi\/index.php?rest_route=\/wp\/v2\/posts\/77\/revisions"}],"wp:attachment":[{"href":"https:\/\/www.askolankokoomus.fi\/index.php?rest_route=%2Fwp%2Fv2%2Fmedia&parent=77"}],"wp:term":[{"taxonomy":"category","embeddable":true,"href":"https:\/\/www.askolankokoomus.fi\/index.php?rest_route=%2Fwp%2Fv2%2Fcategories&post=77"},{"taxonomy":"post_tag","embeddable":true,"href":"https:\/\/www.askolankokoomus.fi\/index.php?rest_route=%2Fwp%2Fv2%2Ftags&post=77"}],"curies":[{"name":"wp","href":"https:\/\/api.w.org\/{rel}","templated":true}]}}