{"id":737,"date":"2014-08-11T15:03:06","date_gmt":"2014-08-11T12:03:06","guid":{"rendered":"http:\/\/www.askolankokoomus.fi\/?p=737"},"modified":"2014-08-18T15:07:21","modified_gmt":"2014-08-18T12:07:21","slug":"luokkatilaratkaisut-nytkahtivat-eteenpain","status":"publish","type":"post","link":"https:\/\/www.askolankokoomus.fi\/?p=737","title":{"rendered":"Luokkatilaratkaisut nytk\u00e4htiv\u00e4t eteenp\u00e4in"},"content":{"rendered":"<p><a href=\"http:\/\/www.askolankokoomus.fi\/wp-content\/uploads\/2012\/04\/koulu2.jpg\"><img loading=\"lazy\" decoding=\"async\" class=\"alignleft size-thumbnail wp-image-197\" src=\"https:\/\/www.askolankokoomus.fi\/wp-content\/uploads\/2012\/04\/koulu2-150x150.jpg\" alt=\"koulu\" width=\"150\" height=\"150\" \/><\/a>Askolan Kokoomuksen esityksest\u00e4 palasi kunnanhallituksessa 6.8.2014 voimaan l\u00e4hes sellaisenaan toukokuussa teknisess\u00e4 lautakunnassa tehty p\u00e4\u00e4t\u00f6s, johon vt. kunnanjohtaja v\u00e4liss\u00e4 k\u00e4ytti otto-oikeuttaan.<\/p>\n<p>Nyt kunnanhallituksessa <strong>Saga Simelius-Niemisen<\/strong> (kok.)\u00a0tekem\u00e4 muutosesitys voitti kunnanjohtajan pohjaesityksen \u00e4\u00e4nin\u00a04-3. T\u00e4m\u00e4 tarkoittaa sit\u00e4, ett\u00e4 Monninkyl\u00e4n Sateenkaaren p\u00e4iv\u00e4kodin laajentamissuunnitelmassa ja -rakentamisessa huomioidaan varhaiskasvatuksen lis\u00e4tilojen lis\u00e4ksi yhden t\u00e4ysimittaisen luokkatilan varaus tuleviin tarpeisiin. T\u00e4m\u00e4n p\u00e4\u00e4t\u00f6ksen toimeenpano aloitetaan kiireellisesti valtuuston hyv\u00e4ksym\u00e4n kuluvan vuoden talousarviossa sek\u00e4 vuoden 2015 investointisuunnitelmassa alustavasti hyv\u00e4ksytyll\u00e4 tavalla, jotta varhaiskasvatuksen lis\u00e4tilat voidaan ottaa k\u00e4ytt\u00f6\u00f6n viimeist\u00e4\u00e4n 1.8.2015.<!--more--><\/p>\n<p>Kunnanvaltuusto ottaa kunnanhallituksen tulevan esityksen pohjalta kantaa kunnan alakouluverkkoon &#8221;Tulevaisuuden oppimisymp\u00e4rist\u00f6&#8221; -nimisen strategian hyv\u00e4ksymisen yhteydess\u00e4 lukuvuoden 2014-15 aikana. Kyseisess\u00e4 strategiassa suunnitellaan ja aikataulutetaan Askolan kunnan alakouluverkkoon vuosina 2015-18 teht\u00e4v\u00e4t investoinnit, ja samassa yhteydess\u00e4 p\u00e4\u00e4tet\u00e4\u00e4n my\u00f6s edell\u00e4 mainitun Monninkyl\u00e4n alkuopetustilan mahdollisesta rakentamisesta.<\/p>\n","protected":false},"excerpt":{"rendered":"<p>Askolan Kokoomuksen esityksest\u00e4 palasi kunnanhallituksessa 6.8.2014 voimaan l\u00e4hes sellaisenaan toukokuussa teknisess\u00e4 lautakunnassa tehty p\u00e4\u00e4t\u00f6s, johon vt. kunnanjohtaja v\u00e4liss\u00e4 k\u00e4ytti otto-oikeuttaan. Nyt kunnanhallituksessa Saga Simelius-Niemisen (kok.)\u00a0tekem\u00e4 muutosesitys voitti kunnanjohtajan pohjaesityksen \u00e4\u00e4nin\u00a04-3. T\u00e4m\u00e4 tarkoittaa sit\u00e4, ett\u00e4 Monninkyl\u00e4n Sateenkaaren p\u00e4iv\u00e4kodin laajentamissuunnitelmassa ja -rakentamisessa &hellip; <a href=\"https:\/\/www.askolankokoomus.fi\/?p=737\">Lue loppuun <span class=\"meta-nav\">&rarr;<\/span><\/a><\/p>\n","protected":false},"author":1,"featured_media":0,"comment_status":"open","ping_status":"open","sticky":false,"template":"","format":"standard","meta":{"footnotes":""},"categories":[3],"tags":[],"class_list":["post-737","post","type-post","status-publish","format-standard","hentry","category-uutiset"],"_links":{"self":[{"href":"https:\/\/www.askolankokoomus.fi\/index.php?rest_route=\/wp\/v2\/posts\/737","targetHints":{"allow":["GET"]}}],"collection":[{"href":"https:\/\/www.askolankokoomus.fi\/index.php?rest_route=\/wp\/v2\/posts"}],"about":[{"href":"https:\/\/www.askolankokoomus.fi\/index.php?rest_route=\/wp\/v2\/types\/post"}],"author":[{"embeddable":true,"href":"https:\/\/www.askolankokoomus.fi\/index.php?rest_route=\/wp\/v2\/users\/1"}],"replies":[{"embeddable":true,"href":"https:\/\/www.askolankokoomus.fi\/index.php?rest_route=%2Fwp%2Fv2%2Fcomments&post=737"}],"version-history":[{"count":2,"href":"https:\/\/www.askolankokoomus.fi\/index.php?rest_route=\/wp\/v2\/posts\/737\/revisions"}],"predecessor-version":[{"id":739,"href":"https:\/\/www.askolankokoomus.fi\/index.php?rest_route=\/wp\/v2\/posts\/737\/revisions\/739"}],"wp:attachment":[{"href":"https:\/\/www.askolankokoomus.fi\/index.php?rest_route=%2Fwp%2Fv2%2Fmedia&parent=737"}],"wp:term":[{"taxonomy":"category","embeddable":true,"href":"https:\/\/www.askolankokoomus.fi\/index.php?rest_route=%2Fwp%2Fv2%2Fcategories&post=737"},{"taxonomy":"post_tag","embeddable":true,"href":"https:\/\/www.askolankokoomus.fi\/index.php?rest_route=%2Fwp%2Fv2%2Ftags&post=737"}],"curies":[{"name":"wp","href":"https:\/\/api.w.org\/{rel}","templated":true}]}}