{"id":3162,"date":"2025-04-24T15:46:46","date_gmt":"2025-04-24T13:46:46","guid":{"rendered":"https:\/\/www.askolankokoomus.fi\/?p=3162"},"modified":"2025-04-24T15:47:05","modified_gmt":"2025-04-24T13:47:05","slug":"kunnanhallituksen-pj-riku-honkasalon-puhe-askolan-uuden-lukion-harjakaisissa","status":"publish","type":"post","link":"https:\/\/www.askolankokoomus.fi\/?p=3162","title":{"rendered":"Kunnanhallituksen pj. Riku Honkasalon puhe Askolan uuden lukion harjakaisissa"},"content":{"rendered":"<p><a href=\"https:\/\/www.askolankokoomus.fi\/?attachment_id=1683\" rel=\"attachment wp-att-1683\"><img loading=\"lazy\" decoding=\"async\" class=\"alignleft size-medium wp-image-1683\" src=\"https:\/\/www.askolankokoomus.fi\/wp-content\/uploads\/2021\/02\/riku-honkasalo-2-214x300.jpg\" alt=\"\" width=\"214\" height=\"300\" srcset=\"https:\/\/www.askolankokoomus.fi\/wp-content\/uploads\/2021\/02\/riku-honkasalo-2-214x300.jpg 214w, https:\/\/www.askolankokoomus.fi\/wp-content\/uploads\/2021\/02\/riku-honkasalo-2-731x1024.jpg 731w, https:\/\/www.askolankokoomus.fi\/wp-content\/uploads\/2021\/02\/riku-honkasalo-2-768x1076.jpg 768w, https:\/\/www.askolankokoomus.fi\/wp-content\/uploads\/2021\/02\/riku-honkasalo-2-1096x1536.jpg 1096w, https:\/\/www.askolankokoomus.fi\/wp-content\/uploads\/2021\/02\/riku-honkasalo-2-1462x2048.jpg 1462w, https:\/\/www.askolankokoomus.fi\/wp-content\/uploads\/2021\/02\/riku-honkasalo-2-scaled.jpg 1827w\" sizes=\"auto, (max-width: 214px) 100vw, 214px\" \/><\/a>Hyv\u00e4t harjannostajaisvieraat, arvoisa juhlayleis\u00f6 \u2013 opiskelijat, opettajat, rakentajat, suunnittelijat, kuntap\u00e4\u00e4tt\u00e4j\u00e4t ja kaikki Askolan lukion yst\u00e4v\u00e4t,<\/p>\n<p>T\u00e4n\u00e4\u00e4n on erityinen p\u00e4iv\u00e4 Askolan historiassa. Se on hetki, jolloin pys\u00e4hdymme katsomaan yl\u00f6sp\u00e4in \u2013 konkreettisesti harjakorkeuteen saakka noussutta rakennusta \u2013 ja symbolisesti tulevaisuuteen, jota t\u00e4m\u00e4 uusi pian valmistumassa oleva lukiorakennus edustaa.<br \/>\nT\u00e4m\u00e4 on my\u00f6s paluu juurille. Askolan 60-vuotias lukio toimi ensimm\u00e4iset 32 vuotta n\u00e4ill\u00e4 sijoilla ennen muuttamistaan Monninkyl\u00e4\u00e4n. Nyt on aika lukiollemme k\u00e4\u00e4nt\u00e4\u00e4 historiassaan uusi lehti osana koulutuskampusta, jossa askolalaiset lapset ja nuoret voivat k\u00e4yd\u00e4 koulutuspolkuansa esiopetuksesta aina ylioppilaiksi asti.<!--more--><\/p>\n<p>Harjannostajaiset ovat vanha ja arvokas perinne. Ne ovat rakennusprojektin kulminaatiopiste, jossa raskas ty\u00f6vaihe alkaa hiljalleen k\u00e4\u00e4nty\u00e4 valmiin suuntaan. Mutta t\u00e4n\u00e4\u00e4n t\u00e4\u00e4ll\u00e4 kyse on paljon enemm\u00e4st\u00e4 kuin vain rakennustekniikasta tai aikataulussa pysymisest\u00e4. Kyse on yhteisest\u00e4 tulevaisuudesta, joka rakentuu kirjaimellisesti \u2013 kivi kivelt\u00e4 \u2013 mutta my\u00f6s kuvainnollisesti: luottamuksesta, yhteisty\u00f6st\u00e4 ja toivosta.<\/p>\n<p>T\u00e4m\u00e4 uusi Askolan lukio on ennen kaikkea investointi nuoriin. Se on viesti siit\u00e4, ett\u00e4 uskomme t\u00e4ss\u00e4 kunnassa tulevaisuuteen, vaikka v\u00e4kilukumme on pitk\u00e4n kasvun j\u00e4lkeen viimeisten vuosien aikana k\u00e4\u00e4ntynyt laskuun. Se on my\u00f6s viesti siit\u00e4, ett\u00e4 me t\u00e4\u00e4ll\u00e4 Askolassa pid\u00e4mme koulutusta t\u00e4rke\u00e4n\u00e4 arvona. Ett\u00e4 jokainen askolalainen tai t\u00e4nne muualta opiskelemaan tullut nuori ansaitsee tilan kasvaa, oivaltaa, kyseenalaistaa ja rakentaa omaa suuntaansa maailmassa, joka muuttuu nopeammin ja ennalta arvaamattomammin kuin koskaan ennen.<\/p>\n<p>T\u00e4m\u00e4n rakennuksen sis\u00e4\u00e4n tulevat mahtumaan paljon enemm\u00e4n kuin oppikirjat ja pulpetit. T\u00e4nne tulee mahtumaan arjen naurua, ponnisteluja, joskus my\u00f6s ep\u00e4varmuutta \u2013 mutta ennen kaikkea hetki\u00e4, jotka j\u00e4\u00e4v\u00e4t mieleen koko el\u00e4m\u00e4ksi. T\u00e4m\u00e4 on paikka, jossa syntyy muistoja, ihmissuhteita, oivalluksia \u2013 ja ehk\u00e4 jopa niit\u00e4 askolalaisia ideoita, jotka jonain p\u00e4iv\u00e4n\u00e4 muuttavat maailmaa, ainakin v\u00e4h\u00e4n.<\/p>\n<p>T\u00e4ss\u00e4 hetkess\u00e4 haluan kiitt\u00e4\u00e4 kaikkia, jotka ovat mahdollistaneet t\u00e4m\u00e4n. Suunnittelijoita, jotka ovat kuunnelleet toiveita ja haaveita. Rakentajia, jotka ovat vuodenaikojen vaihtuessa tehneet pitk\u00e4\u00e4 p\u00e4iv\u00e4\u00e4. Kunnan p\u00e4\u00e4tt\u00e4ji\u00e4, jotka ovat n\u00e4hneet t\u00e4m\u00e4n hankkeen arvon. Opettajia ja koulun henkil\u00f6kuntaa, jotka ovat osallistuneet suunnitteluun. Ja tietenkin teit\u00e4 opiskelijoita \u2013 nykyisi\u00e4 ja tulevia \u2013 jotka olette t\u00e4m\u00e4n rakennuksen syy ja tarkoitus.<\/p>\n<p>Askola on pieni mutta vahva kunta. Seisomme yhdess\u00e4 \u2013 t\u00e4\u00e4ll\u00e4 keskell\u00e4 peltoja, metsien ja m\u00e4kien suojassa \u2013 ja rakennamme tulevaisuutta m\u00e4\u00e4r\u00e4tietoisesti, mutta syd\u00e4n mukana. Juuri siksi t\u00e4m\u00e4 rakennus on niin t\u00e4rke\u00e4. Se on muistutus siit\u00e4, ett\u00e4 t\u00e4\u00e4ll\u00e4 pidet\u00e4\u00e4n huolta, t\u00e4\u00e4ll\u00e4 uskalletaan panostaa, t\u00e4\u00e4ll\u00e4 rakennetaan pidemm\u00e4n kaavan mukaan eik\u00e4 pyrit\u00e4 menem\u00e4\u00e4n siit\u00e4 mist\u00e4 aita on matalin.<\/p>\n<p>T\u00e4n\u00e4\u00e4n juhlimme sit\u00e4, ett\u00e4 rakennus seisoo tukevasti harjakorkeudessa. Mutta viel\u00e4 t\u00e4rke\u00e4mp\u00e4\u00e4 on se, mit\u00e4 tapahtuu, kun sen ovet aikanaan, itse asiassa melko piankin avautuvat. Silloin alkaa uusi luku Askolan lukion tarinassa. Tarina, joka kasvaa joka ikinen p\u00e4iv\u00e4 \u2013 oppitunneilla, kahvitauoilla, kokeissa, juhlapuheissa ja hiljaisissa hetkiss\u00e4.<\/p>\n<p>L\u00e4mpim\u00e4t onnittelut meille kaikille \u2013 ja suuri kiitos. T\u00e4st\u00e4 tulee hyv\u00e4. T\u00e4st\u00e4 tulee merkitt\u00e4v\u00e4 osa yhteist\u00e4 Askolaamme.<\/p>\n<p>Kiitos.<\/p>\n","protected":false},"excerpt":{"rendered":"<p>Hyv\u00e4t harjannostajaisvieraat, arvoisa juhlayleis\u00f6 \u2013 opiskelijat, opettajat, rakentajat, suunnittelijat, kuntap\u00e4\u00e4tt\u00e4j\u00e4t ja kaikki Askolan lukion yst\u00e4v\u00e4t, T\u00e4n\u00e4\u00e4n on erityinen p\u00e4iv\u00e4 Askolan historiassa. Se on hetki, jolloin pys\u00e4hdymme katsomaan yl\u00f6sp\u00e4in \u2013 konkreettisesti harjakorkeuteen saakka noussutta rakennusta \u2013 ja symbolisesti tulevaisuuteen, jota t\u00e4m\u00e4 &hellip; <a href=\"https:\/\/www.askolankokoomus.fi\/?p=3162\">Lue loppuun <span class=\"meta-nav\">&rarr;<\/span><\/a><\/p>\n","protected":false},"author":1,"featured_media":0,"comment_status":"closed","ping_status":"closed","sticky":false,"template":"","format":"standard","meta":{"footnotes":""},"categories":[3],"tags":[],"class_list":["post-3162","post","type-post","status-publish","format-standard","hentry","category-uutiset"],"_links":{"self":[{"href":"https:\/\/www.askolankokoomus.fi\/index.php?rest_route=\/wp\/v2\/posts\/3162","targetHints":{"allow":["GET"]}}],"collection":[{"href":"https:\/\/www.askolankokoomus.fi\/index.php?rest_route=\/wp\/v2\/posts"}],"about":[{"href":"https:\/\/www.askolankokoomus.fi\/index.php?rest_route=\/wp\/v2\/types\/post"}],"author":[{"embeddable":true,"href":"https:\/\/www.askolankokoomus.fi\/index.php?rest_route=\/wp\/v2\/users\/1"}],"replies":[{"embeddable":true,"href":"https:\/\/www.askolankokoomus.fi\/index.php?rest_route=%2Fwp%2Fv2%2Fcomments&post=3162"}],"version-history":[{"count":2,"href":"https:\/\/www.askolankokoomus.fi\/index.php?rest_route=\/wp\/v2\/posts\/3162\/revisions"}],"predecessor-version":[{"id":3164,"href":"https:\/\/www.askolankokoomus.fi\/index.php?rest_route=\/wp\/v2\/posts\/3162\/revisions\/3164"}],"wp:attachment":[{"href":"https:\/\/www.askolankokoomus.fi\/index.php?rest_route=%2Fwp%2Fv2%2Fmedia&parent=3162"}],"wp:term":[{"taxonomy":"category","embeddable":true,"href":"https:\/\/www.askolankokoomus.fi\/index.php?rest_route=%2Fwp%2Fv2%2Fcategories&post=3162"},{"taxonomy":"post_tag","embeddable":true,"href":"https:\/\/www.askolankokoomus.fi\/index.php?rest_route=%2Fwp%2Fv2%2Ftags&post=3162"}],"curies":[{"name":"wp","href":"https:\/\/api.w.org\/{rel}","templated":true}]}}