{"id":2989,"date":"2025-03-13T07:32:57","date_gmt":"2025-03-13T05:32:57","guid":{"rendered":"https:\/\/www.askolankokoomus.fi\/?p=2989"},"modified":"2025-03-18T00:57:21","modified_gmt":"2025-03-17T22:57:21","slug":"vaalikahvit-kirkonkylan-salella-la-15-3-klo-11-13","status":"publish","type":"post","link":"https:\/\/www.askolankokoomus.fi\/?p=2989","title":{"rendered":"Vaalitunnelmia Energiap\u00e4iv\u00e4st\u00e4 ja kahvituksesta Kirkonkyl\u00e4n torilta"},"content":{"rendered":"<p><a href=\"https:\/\/www.askolankokoomus.fi\/?attachment_id=2617\" rel=\"attachment wp-att-2617\"><img loading=\"lazy\" decoding=\"async\" class=\"alignleft size-thumbnail wp-image-2617\" src=\"https:\/\/www.askolankokoomus.fi\/wp-content\/uploads\/2025\/02\/25102008409-150x150.jpg\" alt=\"\" width=\"150\" height=\"150\" \/><\/a>Askolan Kokoomus tarjosi vaalikahvit Askolan (Kirkonkyl\u00e4n) Torilla lauantaina 15.3.25. Tarjolla oli my\u00f6s aitoa ja alkuper\u00e4ist\u00e4 kokoomuskarkkia, vaalimakkaraa sek\u00e4 painavaa asiaa kunnasta ja hyvinvointialueesta. Olimme omalla osastollamme mukana my\u00f6s Hakevuoden Energiap\u00e4iv\u00e4ss\u00e4 edellisen\u00e4 p\u00e4iv\u00e4n\u00e4. Kiitos osallistuneille hyvist\u00e4 kysymyksist\u00e4 ja keskusteluista! Linkin alla muutamia tapahtumakuvia molemmista.<!--more--><\/p>\n<p><a href=\"https:\/\/www.askolankokoomus.fi\/?attachment_id=2993\" rel=\"attachment wp-att-2993\"><img loading=\"lazy\" decoding=\"async\" class=\"alignleft size-medium wp-image-2993\" src=\"https:\/\/www.askolankokoomus.fi\/wp-content\/uploads\/2025\/03\/IMG-20250315-WA0006-225x300.jpg\" alt=\"\" width=\"225\" height=\"300\" srcset=\"https:\/\/www.askolankokoomus.fi\/wp-content\/uploads\/2025\/03\/IMG-20250315-WA0006-225x300.jpg 225w, https:\/\/www.askolankokoomus.fi\/wp-content\/uploads\/2025\/03\/IMG-20250315-WA0006-768x1024.jpg 768w, https:\/\/www.askolankokoomus.fi\/wp-content\/uploads\/2025\/03\/IMG-20250315-WA0006-1152x1536.jpg 1152w, https:\/\/www.askolankokoomus.fi\/wp-content\/uploads\/2025\/03\/IMG-20250315-WA0006.jpg 1536w\" sizes=\"auto, (max-width: 225px) 100vw, 225px\" \/><\/a><\/p>\n<p>&nbsp;<\/p>\n<p>&nbsp;<\/p>\n<p>&nbsp;<\/p>\n<p><a href=\"https:\/\/www.askolankokoomus.fi\/?attachment_id=3002\" rel=\"attachment wp-att-3002\"><img loading=\"lazy\" decoding=\"async\" class=\"alignleft size-medium wp-image-3002\" src=\"https:\/\/www.askolankokoomus.fi\/wp-content\/uploads\/2025\/03\/IMG_20250315_201547-300x257.jpg\" alt=\"\" width=\"300\" height=\"257\" srcset=\"https:\/\/www.askolankokoomus.fi\/wp-content\/uploads\/2025\/03\/IMG_20250315_201547-300x257.jpg 300w, https:\/\/www.askolankokoomus.fi\/wp-content\/uploads\/2025\/03\/IMG_20250315_201547-768x658.jpg 768w, https:\/\/www.askolankokoomus.fi\/wp-content\/uploads\/2025\/03\/IMG_20250315_201547.jpg 904w\" sizes=\"auto, (max-width: 300px) 100vw, 300px\" \/><\/a><\/p>\n<p><a href=\"https:\/\/www.askolankokoomus.fi\/?attachment_id=2997\" rel=\"attachment wp-att-2997\"><img loading=\"lazy\" decoding=\"async\" class=\"alignleft size-medium wp-image-2997\" src=\"https:\/\/www.askolankokoomus.fi\/wp-content\/uploads\/2025\/03\/IMG-20250314-WA0005-300x300.jpg\" alt=\"\" width=\"300\" height=\"300\" srcset=\"https:\/\/www.askolankokoomus.fi\/wp-content\/uploads\/2025\/03\/IMG-20250314-WA0005-300x300.jpg 300w, https:\/\/www.askolankokoomus.fi\/wp-content\/uploads\/2025\/03\/IMG-20250314-WA0005-1024x1024.jpg 1024w, https:\/\/www.askolankokoomus.fi\/wp-content\/uploads\/2025\/03\/IMG-20250314-WA0005-150x150.jpg 150w, https:\/\/www.askolankokoomus.fi\/wp-content\/uploads\/2025\/03\/IMG-20250314-WA0005-768x768.jpg 768w, https:\/\/www.askolankokoomus.fi\/wp-content\/uploads\/2025\/03\/IMG-20250314-WA0005-1536x1536.jpg 1536w, https:\/\/www.askolankokoomus.fi\/wp-content\/uploads\/2025\/03\/IMG-20250314-WA0005.jpg 2048w\" sizes=\"auto, (max-width: 300px) 100vw, 300px\" \/><\/a><\/p>\n","protected":false},"excerpt":{"rendered":"<p>Askolan Kokoomus tarjosi vaalikahvit Askolan (Kirkonkyl\u00e4n) Torilla lauantaina 15.3.25. Tarjolla oli my\u00f6s aitoa ja alkuper\u00e4ist\u00e4 kokoomuskarkkia, vaalimakkaraa sek\u00e4 painavaa asiaa kunnasta ja hyvinvointialueesta. Olimme omalla osastollamme mukana my\u00f6s Hakevuoden Energiap\u00e4iv\u00e4ss\u00e4 edellisen\u00e4 p\u00e4iv\u00e4n\u00e4. Kiitos osallistuneille hyvist\u00e4 kysymyksist\u00e4 ja keskusteluista! Linkin alla &hellip; <a href=\"https:\/\/www.askolankokoomus.fi\/?p=2989\">Lue loppuun <span class=\"meta-nav\">&rarr;<\/span><\/a><\/p>\n","protected":false},"author":1,"featured_media":0,"comment_status":"closed","ping_status":"closed","sticky":false,"template":"","format":"standard","meta":{"footnotes":""},"categories":[3],"tags":[],"class_list":["post-2989","post","type-post","status-publish","format-standard","hentry","category-uutiset"],"_links":{"self":[{"href":"https:\/\/www.askolankokoomus.fi\/index.php?rest_route=\/wp\/v2\/posts\/2989","targetHints":{"allow":["GET"]}}],"collection":[{"href":"https:\/\/www.askolankokoomus.fi\/index.php?rest_route=\/wp\/v2\/posts"}],"about":[{"href":"https:\/\/www.askolankokoomus.fi\/index.php?rest_route=\/wp\/v2\/types\/post"}],"author":[{"embeddable":true,"href":"https:\/\/www.askolankokoomus.fi\/index.php?rest_route=\/wp\/v2\/users\/1"}],"replies":[{"embeddable":true,"href":"https:\/\/www.askolankokoomus.fi\/index.php?rest_route=%2Fwp%2Fv2%2Fcomments&post=2989"}],"version-history":[{"count":6,"href":"https:\/\/www.askolankokoomus.fi\/index.php?rest_route=\/wp\/v2\/posts\/2989\/revisions"}],"predecessor-version":[{"id":3049,"href":"https:\/\/www.askolankokoomus.fi\/index.php?rest_route=\/wp\/v2\/posts\/2989\/revisions\/3049"}],"wp:attachment":[{"href":"https:\/\/www.askolankokoomus.fi\/index.php?rest_route=%2Fwp%2Fv2%2Fmedia&parent=2989"}],"wp:term":[{"taxonomy":"category","embeddable":true,"href":"https:\/\/www.askolankokoomus.fi\/index.php?rest_route=%2Fwp%2Fv2%2Fcategories&post=2989"},{"taxonomy":"post_tag","embeddable":true,"href":"https:\/\/www.askolankokoomus.fi\/index.php?rest_route=%2Fwp%2Fv2%2Ftags&post=2989"}],"curies":[{"name":"wp","href":"https:\/\/api.w.org\/{rel}","templated":true}]}}