{"id":2905,"date":"2025-03-03T13:22:30","date_gmt":"2025-03-03T11:22:30","guid":{"rendered":"https:\/\/www.askolankokoomus.fi\/?p=2905"},"modified":"2025-03-12T13:36:02","modified_gmt":"2025-03-12T11:36:02","slug":"askolan-urheilukentasta-ja-vahan-muustakin","status":"publish","type":"post","link":"https:\/\/www.askolankokoomus.fi\/?p=2905","title":{"rendered":"Askolan urheilukent\u00e4st\u00e4 ja v\u00e4h\u00e4n muustakin"},"content":{"rendered":"<p><a href=\"https:\/\/www.askolankokoomus.fi\/?attachment_id=1461\" rel=\"attachment wp-att-1461\"><img loading=\"lazy\" decoding=\"async\" class=\"alignleft size-medium wp-image-1461\" src=\"https:\/\/www.askolankokoomus.fi\/wp-content\/uploads\/2020\/10\/Porukka-Askola-Areenalla-300x225.jpg\" alt=\"\" width=\"300\" height=\"225\" srcset=\"https:\/\/www.askolankokoomus.fi\/wp-content\/uploads\/2020\/10\/Porukka-Askola-Areenalla-300x225.jpg 300w, https:\/\/www.askolankokoomus.fi\/wp-content\/uploads\/2020\/10\/Porukka-Askola-Areenalla-1024x768.jpg 1024w, https:\/\/www.askolankokoomus.fi\/wp-content\/uploads\/2020\/10\/Porukka-Askola-Areenalla-768x576.jpg 768w, https:\/\/www.askolankokoomus.fi\/wp-content\/uploads\/2020\/10\/Porukka-Askola-Areenalla-1536x1152.jpg 1536w, https:\/\/www.askolankokoomus.fi\/wp-content\/uploads\/2020\/10\/Porukka-Askola-Areenalla.jpg 1600w\" sizes=\"auto, (max-width: 300px) 100vw, 300px\" \/><\/a>(Kirjoitus on alun perin l\u00e4hetetty paikalliseen lehteen, siin\u00e4 esitettyjen v\u00e4itteiden oikaisemiseksi. Se ei kuitenkaan ole tullut siell\u00e4 julkaistuksi, kuten ei moni muukaan aiempi vastaava kirjoitus).<\/p>\n<p>Uusimaa uutisoi (27.2.) Askolan valtuustossa 24.2. tehdyst\u00e4 aloitteesta liittyen Askolan urheilukentt\u00e4\u00e4n. Aloitetta k\u00e4siteltiin kokouksessa alle minuutin, kun taas Monninkyl\u00e4n koulun liikuntasalin m\u00e4\u00e4r\u00e4rahaa ja muita investointeja k\u00e4siteltiin yli kolme tuntia. Valtuuston kokouksen merkitt\u00e4vin p\u00e4\u00e4t\u00f6s oli yli vuosikymmenen verran odotetun ja moneen kertaan siirretyn liikuntasalihankkeen toteutuminen. Vaihtoehtona olisi ollut hankkeen siirt\u00e4minen j\u00e4lleen kerran tai siit\u00e4 kokonaan luopuminen. N\u00e4it\u00e4 kunnanvaltuusto ei nyt en\u00e4\u00e4 tahtonut.<!--more--><\/p>\n<p>Jutussa esitettiin kunnan isot investoinnit, kuten uusi lukio ja em. liikuntasali perin negatiivisessa valossa. Todellisuudessa Askolan poliittiset ryhm\u00e4t ovat n\u00e4m\u00e4 tulevaisuusinvestoinnit hyv\u00e4ksyneet l\u00e4hes yksimielisesti. Monninkyl\u00e4n salin kohdalla PS teki tosin viimeisen viikon aikana t\u00e4ysk\u00e4\u00e4nn\u00f6ksen vastustajaksi.<\/p>\n<p>Toimittaja Kuisman artikkeli maalailee kuvaa kyl\u00e4tappelusta ja vastakkainasetteluista, jotka eiv\u00e4t vastaa kunnan nykyist\u00e4 p\u00e4\u00e4t\u00f6ksentekoa. Pienell\u00e4 kunnalla ei ole yh\u00e4 haastavammissa olosuhteissa varaa t\u00e4llaiseen. My\u00f6sk\u00e4\u00e4n aloitteen tekij\u00e4t eiv\u00e4t varmistetusti ole t\u00e4llaista tarkoittaneet.<\/p>\n<p>Sokerina pohjalla, valtuustossa juurikin Kokoomuksen ryhm\u00e4 esitti Kirkonkyl\u00e4n kent\u00e4lle enemm\u00e4n m\u00e4\u00e4r\u00e4rahaa, mutta ei saanut sille kannatusta. Aloitteen tekij\u00e4t esittiv\u00e4t kent\u00e4n siirron selvitt\u00e4mist\u00e4 jo kuluvana vuonna, mutta eiv\u00e4t tilaisuuden tultuakaan esitt\u00e4neet siihen lainkaan rahaa. Aloite j\u00e4\u00e4 siten pelk\u00e4ksi vaalipuheeksi, mutta sen sis\u00e4ll\u00f6ss\u00e4 ei sin\u00e4ns\u00e4 ole mit\u00e4\u00e4n vikaa. My\u00f6s Kokoomus n\u00e4kee tarpeelliseksi selvitt\u00e4\u00e4 kent\u00e4n tulevaisuutta tulevalla vaalikaudella. Uusien asuntoalueiden toteutustakin voidaan harkita, mik\u00e4li vain kysynt\u00e4\u00e4 niille n\u00e4ytt\u00e4isi riitt\u00e4v\u00e4n.<\/p>\n<p>Askolan kunta on toimittaja Kuisman mainitsemalla &#8221;kokoomusvaltaisella enemmist\u00f6ll\u00e4&#8221; investoinut voimakkaasti tulevaisuuteensa viime vuosina. Jatkossakin jokainen investointi on harkittava huolellisesti ja tasapuolisesti, kunnan it\u00e4puolen tarpeita unohtamatta. Samaan aikaan kunnan tilinp\u00e4\u00e4t\u00f6sten palauttaminen uudelleen positiivisiksi on yhteinen tavoitteemme.<\/p>\n<p><strong>Riku Honkasalo<\/strong><br \/>\nAskolan kunnanhallituksen puheenjohtaja (kok.)<\/p>\n<p><strong>Mikko Maukonen<\/strong><br \/>\nAskolan Kokoomuksen puheenjohtaja, kunnanvaltuuston 1. vpj<\/p>\n","protected":false},"excerpt":{"rendered":"<p>(Kirjoitus on alun perin l\u00e4hetetty paikalliseen lehteen, siin\u00e4 esitettyjen v\u00e4itteiden oikaisemiseksi. Se ei kuitenkaan ole tullut siell\u00e4 julkaistuksi, kuten ei moni muukaan aiempi vastaava kirjoitus). Uusimaa uutisoi (27.2.) Askolan valtuustossa 24.2. tehdyst\u00e4 aloitteesta liittyen Askolan urheilukentt\u00e4\u00e4n. Aloitetta k\u00e4siteltiin kokouksessa alle &hellip; <a href=\"https:\/\/www.askolankokoomus.fi\/?p=2905\">Lue loppuun <span class=\"meta-nav\">&rarr;<\/span><\/a><\/p>\n","protected":false},"author":1,"featured_media":0,"comment_status":"closed","ping_status":"closed","sticky":false,"template":"","format":"standard","meta":{"footnotes":""},"categories":[3],"tags":[],"class_list":["post-2905","post","type-post","status-publish","format-standard","hentry","category-uutiset"],"_links":{"self":[{"href":"https:\/\/www.askolankokoomus.fi\/index.php?rest_route=\/wp\/v2\/posts\/2905","targetHints":{"allow":["GET"]}}],"collection":[{"href":"https:\/\/www.askolankokoomus.fi\/index.php?rest_route=\/wp\/v2\/posts"}],"about":[{"href":"https:\/\/www.askolankokoomus.fi\/index.php?rest_route=\/wp\/v2\/types\/post"}],"author":[{"embeddable":true,"href":"https:\/\/www.askolankokoomus.fi\/index.php?rest_route=\/wp\/v2\/users\/1"}],"replies":[{"embeddable":true,"href":"https:\/\/www.askolankokoomus.fi\/index.php?rest_route=%2Fwp%2Fv2%2Fcomments&post=2905"}],"version-history":[{"count":4,"href":"https:\/\/www.askolankokoomus.fi\/index.php?rest_route=\/wp\/v2\/posts\/2905\/revisions"}],"predecessor-version":[{"id":2910,"href":"https:\/\/www.askolankokoomus.fi\/index.php?rest_route=\/wp\/v2\/posts\/2905\/revisions\/2910"}],"wp:attachment":[{"href":"https:\/\/www.askolankokoomus.fi\/index.php?rest_route=%2Fwp%2Fv2%2Fmedia&parent=2905"}],"wp:term":[{"taxonomy":"category","embeddable":true,"href":"https:\/\/www.askolankokoomus.fi\/index.php?rest_route=%2Fwp%2Fv2%2Fcategories&post=2905"},{"taxonomy":"post_tag","embeddable":true,"href":"https:\/\/www.askolankokoomus.fi\/index.php?rest_route=%2Fwp%2Fv2%2Ftags&post=2905"}],"curies":[{"name":"wp","href":"https:\/\/api.w.org\/{rel}","templated":true}]}}