{"id":2591,"date":"2024-12-17T12:05:32","date_gmt":"2024-12-17T09:05:32","guid":{"rendered":"https:\/\/www.askolankokoomus.fi\/?p=2591"},"modified":"2025-02-05T01:12:04","modified_gmt":"2025-02-04T23:12:04","slug":"suominen-myllys-ja-honkasalo-askolan-mantyrinne-ylitti-kirkkaasti-riman","status":"publish","type":"post","link":"https:\/\/www.askolankokoomus.fi\/?p=2591","title":{"rendered":"Suominen, Myllys ja Honkasalo: Askolan M\u00e4ntyrinne ylitti kirkkaasti riman"},"content":{"rendered":"<p><a href=\"https:\/\/www.askolankokoomus.fi\/?attachment_id=2439\" rel=\"attachment wp-att-2439\"><img loading=\"lazy\" decoding=\"async\" class=\"alignleft size-thumbnail wp-image-2439\" src=\"https:\/\/www.askolankokoomus.fi\/wp-content\/uploads\/2022\/12\/IMG-20221210-WA0003-150x150.jpg\" alt=\"\" width=\"150\" height=\"150\" \/><\/a>(Mielipidekirjoitus on julkaistu my\u00f6s Uusimaa-lehdess\u00e4 16.12.24).<\/p>\n<p>It\u00e4-Uudenmaan aluevaltuusto teki 10.12. t\u00e4rkeit\u00e4 p\u00e4\u00e4t\u00f6ksi\u00e4 hyvinvointialueen palveluverkosta ja vuoden 2025 budjetista. Merkitt\u00e4vimpi\u00e4 ratkaisuja oli poistaa selke\u00e4ll\u00e4 enemmist\u00f6ll\u00e4 Askolan M\u00e4ntyrinne, Sipoon Seniorikeskus ja Liljendalin Rosenkulla lakkautuslistalta, johon aluehallitus ja palveluverkkoselvityksen valmistelijat olivat ne esitt\u00e4neet (klikkaa uutista lukeaksesi koko kirjoituksen)<!--more--> Samalla nostettiin n\u00e4m\u00e4 ik\u00e4ihmisten palveluyksik\u00f6t pois kuukausia jatkuneesta tikunnokasta ja ep\u00e4tietoisuudesta, joka kosketti asiakkaiden lis\u00e4ksi my\u00f6s heid\u00e4n omaisiaan, yksik\u00f6iden ty\u00f6ntekij\u00f6it\u00e4 sek\u00e4 laajasti alueiden asukkaita.<\/p>\n<p>P\u00e4\u00e4t\u00f6ksen mukaan vuonna 2025 ei tehd\u00e4 muutoksia palveluverkkoon. Piste. Aluevaltuusto sitoutui p\u00e4\u00e4t\u00f6ksell\u00e4\u00e4n jatkamaan Rosenkullan, M\u00e4ntyrinteen sek\u00e4 Sipoon Suvituulen ja Suvirinteen sopimuksia, edellytt\u00e4en ett\u00e4 kyseisten kohteiden vuokranantajat suostuvat tulevan puolen vuoden aikana k\u00e4yt\u00e4viss\u00e4 neuvotteluissa vuokrantarkistuksiin ja tarvittaviin tilojen korjauksiin. T\u00e4m\u00e4 on linjassa aluevaltuuston p\u00e4\u00e4t\u00f6kseen siit\u00e4, ett\u00e4 vuoden 2025 aikana hyvinvointialue teet\u00e4tt\u00e4\u00e4 selvityksen markkinavuokran tasosta muissakin, kuin n\u00e4iss\u00e4 nelj\u00e4ss\u00e4 toimipisteess\u00e4 ja k\u00e4y kaikkien vuokranantajien kanssa neuvottelut vuokratasoista vuoden 2026 alusta lukien.<\/p>\n<p>Askolan kunta p\u00e4\u00e4tti ennakoiden jo 9.12. kunnanhallituksessa ehdottaa hyvinvointialueelle M\u00e4ntyrinteen vuokran merkitt\u00e4v\u00e4\u00e4 laskemista, jopa v\u00e4litt\u00f6m\u00e4sti, kun vain hyvinvointialueen kanssa p\u00e4\u00e4st\u00e4\u00e4n neuvottelutulokseen. T\u00e4m\u00e4kin osoittaa Askolan kunnan tahtotilaa s\u00e4ilytt\u00e4\u00e4 ymp\u00e4rivuorokautinen asuminen kunnassa, josta se oltiin alueen ainoana jo pois viem\u00e4ss\u00e4. Voimakas kuntalaismielipide ja poliittinen yksimielisyys kunnassa ovat ratkaisevalla tavalla edist\u00e4neet nyt saavutettua hyv\u00e4\u00e4 p\u00e4\u00e4t\u00f6st\u00e4.<\/p>\n<p>Uusimaassa (11.12.2024) toimittaja kutsui t\u00e4t\u00e4 tilannetta muun muassa M\u00e4ntyrinteen osalta \u201dlimboksi\u201d. Edell\u00e4 mainittujen p\u00e4\u00e4t\u00f6sten j\u00e4lkeen kyseess\u00e4 on aivan puhdas rimanylitys, joka takaa ty\u00f6rauhaa edell\u00e4 mainituissa kohteissa. Limbossa on pikemminkin koko hyvinvointialuemalli, jonka maan edellinen hallitus ajoi tuskallisella kiireell\u00e4 l\u00e4pi. Seuraukset ovat nyt n\u00e4ht\u00e4viss\u00e4, kun sote-palveluita karsitaan ennenn\u00e4kem\u00e4tt\u00f6m\u00e4ll\u00e4 tavalla ymp\u00e4ri maata.<\/p>\n<p>Aluevaltuuston nyt tekem\u00e4 hyv\u00e4 ja inhimillinen p\u00e4\u00e4t\u00f6s antaa aikaisempaa kirkkaasti paremmat mahdollisuudet siihen, ett\u00e4 M\u00e4ntyrinteenkin osalta rima on todenn\u00e4k\u00f6ist\u00e4 ylitt\u00e4\u00e4 seuraavallakin yrityksell\u00e4, vaikka rima nousisi korkeammallekin. Alueen viranhaltijoiden ja aluehallituksen tulee huolehtia siit\u00e4, ett\u00e4 aluevaltuuston nyt p\u00e4\u00e4tt\u00e4m\u00e4\u00e4 tahtotilaa kunnioitetaan tulevissa neuvotteluissa ja muissa k\u00e4yt\u00e4nn\u00f6n toimissa.<\/p>\n<p><strong>Tero Suominen,<\/strong> Aluevaltuutettu, Askolan kunnanhallituksen j\u00e4sen<\/p>\n<p><strong>Mia Myllys<\/strong>, Aluevaltuutettu, Askolan kunnanhallituksen j\u00e4sen<\/p>\n<p><strong>Riku Honkasalo<\/strong>, Aluevaltuutettu, aluehallituksen j\u00e4sen, Askolan kunnanhallituksen puheenjohtaja<\/p>\n","protected":false},"excerpt":{"rendered":"<p>(Mielipidekirjoitus on julkaistu my\u00f6s Uusimaa-lehdess\u00e4 16.12.24). It\u00e4-Uudenmaan aluevaltuusto teki 10.12. t\u00e4rkeit\u00e4 p\u00e4\u00e4t\u00f6ksi\u00e4 hyvinvointialueen palveluverkosta ja vuoden 2025 budjetista. Merkitt\u00e4vimpi\u00e4 ratkaisuja oli poistaa selke\u00e4ll\u00e4 enemmist\u00f6ll\u00e4 Askolan M\u00e4ntyrinne, Sipoon Seniorikeskus ja Liljendalin Rosenkulla lakkautuslistalta, johon aluehallitus ja palveluverkkoselvityksen valmistelijat olivat ne esitt\u00e4neet &hellip; <a href=\"https:\/\/www.askolankokoomus.fi\/?p=2591\">Lue loppuun <span class=\"meta-nav\">&rarr;<\/span><\/a><\/p>\n","protected":false},"author":1,"featured_media":1025,"comment_status":"open","ping_status":"closed","sticky":false,"template":"","format":"standard","meta":{"footnotes":""},"categories":[3],"tags":[],"class_list":["post-2591","post","type-post","status-publish","format-standard","has-post-thumbnail","hentry","category-uutiset"],"_links":{"self":[{"href":"https:\/\/www.askolankokoomus.fi\/index.php?rest_route=\/wp\/v2\/posts\/2591","targetHints":{"allow":["GET"]}}],"collection":[{"href":"https:\/\/www.askolankokoomus.fi\/index.php?rest_route=\/wp\/v2\/posts"}],"about":[{"href":"https:\/\/www.askolankokoomus.fi\/index.php?rest_route=\/wp\/v2\/types\/post"}],"author":[{"embeddable":true,"href":"https:\/\/www.askolankokoomus.fi\/index.php?rest_route=\/wp\/v2\/users\/1"}],"replies":[{"embeddable":true,"href":"https:\/\/www.askolankokoomus.fi\/index.php?rest_route=%2Fwp%2Fv2%2Fcomments&post=2591"}],"version-history":[{"count":5,"href":"https:\/\/www.askolankokoomus.fi\/index.php?rest_route=\/wp\/v2\/posts\/2591\/revisions"}],"predecessor-version":[{"id":2661,"href":"https:\/\/www.askolankokoomus.fi\/index.php?rest_route=\/wp\/v2\/posts\/2591\/revisions\/2661"}],"wp:featuredmedia":[{"embeddable":true,"href":"https:\/\/www.askolankokoomus.fi\/index.php?rest_route=\/wp\/v2\/media\/1025"}],"wp:attachment":[{"href":"https:\/\/www.askolankokoomus.fi\/index.php?rest_route=%2Fwp%2Fv2%2Fmedia&parent=2591"}],"wp:term":[{"taxonomy":"category","embeddable":true,"href":"https:\/\/www.askolankokoomus.fi\/index.php?rest_route=%2Fwp%2Fv2%2Fcategories&post=2591"},{"taxonomy":"post_tag","embeddable":true,"href":"https:\/\/www.askolankokoomus.fi\/index.php?rest_route=%2Fwp%2Fv2%2Ftags&post=2591"}],"curies":[{"name":"wp","href":"https:\/\/api.w.org\/{rel}","templated":true}]}}