{"id":230,"date":"2012-06-14T08:33:33","date_gmt":"2012-06-14T05:33:33","guid":{"rendered":"http:\/\/www.askolankokoomus.fi\/?p=230"},"modified":"2012-06-15T08:24:38","modified_gmt":"2012-06-15T05:24:38","slug":"blogikirjoitus-kouluratkaisusta","status":"publish","type":"post","link":"https:\/\/www.askolankokoomus.fi\/?p=230","title":{"rendered":"Blogikirjoitus kouluratkaisusta"},"content":{"rendered":"<p><a href=\"http:\/\/www.askolankokoomus.fi\/wp-content\/uploads\/2012\/04\/koulu2.jpg\"><img loading=\"lazy\" decoding=\"async\" class=\"alignleft\" title=\"koulu\" src=\"https:\/\/www.askolankokoomus.fi\/wp-content\/uploads\/2012\/04\/koulu2-150x150.jpg\" alt=\"\" width=\"150\" height=\"150\" \/><\/a>T\u00e4m\u00e4n sivuston <a href=\"http:\/\/www.askolankokoomus.fi\/?page_id=48\">Blogi-osiosta <\/a>l\u00f6ytyy nyt Uusimaa-lehdess\u00e4kin 14.6.2012 \u00a0julkaistu <strong>Riku Honkasalon<\/strong> kirjoitus Askolan kouluverkkoratkaisusta.<br \/>\nSamana\u00a0p\u00e4iv\u00e4n\u00e4 Askolan kunnanvaltuusto p\u00e4\u00e4tti Kokoomuksen <strong>Saga Simelius-Niemisen<\/strong> tekem\u00e4n muutosesityksen pohjalta \u00e4\u00e4nin 14-13\u00a0rakentaa niin sanotut moduulikoulut sek\u00e4 Kirkonkyl\u00e4\u00e4n ett\u00e4 Monninkyl\u00e4\u00e4n. Koulunk\u00e4ynti uusissa lis\u00e4tiloissa alkaa jo lukuvuoden 2013 alussa.<\/p>\n<p>Toteutustapa on l\u00e4hes\u00a0sama, jonka Askolan Kokoomus linjasi mm. <a href=\"http:\/\/www.askolankokoomus.fi\/?p=130\">vuosikokouksessaan 28.11.2011<\/a>. Kunnan taloustilanteen heikennytty\u00e4 ja toisaalta koulujen tilatarpeen yh\u00e4 kasvaessa\u00a0 ei Kirkonkyl\u00e4n koulun nykyisist\u00e4 tiloista katsottu voitavan kokonaisuudessaan t\u00e4ss\u00e4 vaiheessa luopua. Nyt tehty p\u00e4\u00e4t\u00f6s poistaa kuitenkin tilanahtauden niin Kirkonkyl\u00e4n kuin Monninkyl\u00e4nkin kouluista vuosiksi eteenp\u00e4in.<\/p>\n","protected":false},"excerpt":{"rendered":"<p>T\u00e4m\u00e4n sivuston Blogi-osiosta l\u00f6ytyy nyt Uusimaa-lehdess\u00e4kin 14.6.2012 \u00a0julkaistu Riku Honkasalon kirjoitus Askolan kouluverkkoratkaisusta. Samana\u00a0p\u00e4iv\u00e4n\u00e4 Askolan kunnanvaltuusto p\u00e4\u00e4tti Kokoomuksen Saga Simelius-Niemisen tekem\u00e4n muutosesityksen pohjalta \u00e4\u00e4nin 14-13\u00a0rakentaa niin sanotut moduulikoulut sek\u00e4 Kirkonkyl\u00e4\u00e4n ett\u00e4 Monninkyl\u00e4\u00e4n. Koulunk\u00e4ynti uusissa lis\u00e4tiloissa alkaa jo lukuvuoden 2013 alussa. &hellip; <a href=\"https:\/\/www.askolankokoomus.fi\/?p=230\">Lue loppuun <span class=\"meta-nav\">&rarr;<\/span><\/a><\/p>\n","protected":false},"author":1,"featured_media":0,"comment_status":"open","ping_status":"open","sticky":false,"template":"","format":"standard","meta":{"footnotes":""},"categories":[3],"tags":[],"class_list":["post-230","post","type-post","status-publish","format-standard","hentry","category-uutiset"],"_links":{"self":[{"href":"https:\/\/www.askolankokoomus.fi\/index.php?rest_route=\/wp\/v2\/posts\/230","targetHints":{"allow":["GET"]}}],"collection":[{"href":"https:\/\/www.askolankokoomus.fi\/index.php?rest_route=\/wp\/v2\/posts"}],"about":[{"href":"https:\/\/www.askolankokoomus.fi\/index.php?rest_route=\/wp\/v2\/types\/post"}],"author":[{"embeddable":true,"href":"https:\/\/www.askolankokoomus.fi\/index.php?rest_route=\/wp\/v2\/users\/1"}],"replies":[{"embeddable":true,"href":"https:\/\/www.askolankokoomus.fi\/index.php?rest_route=%2Fwp%2Fv2%2Fcomments&post=230"}],"version-history":[{"count":7,"href":"https:\/\/www.askolankokoomus.fi\/index.php?rest_route=\/wp\/v2\/posts\/230\/revisions"}],"predecessor-version":[{"id":245,"href":"https:\/\/www.askolankokoomus.fi\/index.php?rest_route=\/wp\/v2\/posts\/230\/revisions\/245"}],"wp:attachment":[{"href":"https:\/\/www.askolankokoomus.fi\/index.php?rest_route=%2Fwp%2Fv2%2Fmedia&parent=230"}],"wp:term":[{"taxonomy":"category","embeddable":true,"href":"https:\/\/www.askolankokoomus.fi\/index.php?rest_route=%2Fwp%2Fv2%2Fcategories&post=230"},{"taxonomy":"post_tag","embeddable":true,"href":"https:\/\/www.askolankokoomus.fi\/index.php?rest_route=%2Fwp%2Fv2%2Ftags&post=230"}],"curies":[{"name":"wp","href":"https:\/\/api.w.org\/{rel}","templated":true}]}}