{"id":2271,"date":"2021-11-28T01:01:43","date_gmt":"2021-11-27T22:01:43","guid":{"rendered":"https:\/\/www.askolankokoomus.fi\/?p=2271"},"modified":"2021-12-14T01:24:28","modified_gmt":"2021-12-13T22:24:28","slug":"riku-honkasalo-jatkaa-askolan-kokoomuksen-puheenjohtajana-myos-hallitus-vuodelle-2022-valittu","status":"publish","type":"post","link":"https:\/\/www.askolankokoomus.fi\/?p=2271","title":{"rendered":"Riku Honkasalo jatkaa Askolan Kokoomuksen puheenjohtajana, my\u00f6s hallitus vuodelle 2022 valittu"},"content":{"rendered":"<p><a href=\"https:\/\/www.askolankokoomus.fi\/?attachment_id=1683\" rel=\"attachment wp-att-1683\"><img loading=\"lazy\" decoding=\"async\" class=\"alignleft size-medium wp-image-1683\" src=\"https:\/\/www.askolankokoomus.fi\/wp-content\/uploads\/2021\/02\/riku-honkasalo-2-214x300.jpg\" alt=\"\" width=\"214\" height=\"300\" srcset=\"https:\/\/www.askolankokoomus.fi\/wp-content\/uploads\/2021\/02\/riku-honkasalo-2-214x300.jpg 214w, https:\/\/www.askolankokoomus.fi\/wp-content\/uploads\/2021\/02\/riku-honkasalo-2-731x1024.jpg 731w, https:\/\/www.askolankokoomus.fi\/wp-content\/uploads\/2021\/02\/riku-honkasalo-2-768x1076.jpg 768w, https:\/\/www.askolankokoomus.fi\/wp-content\/uploads\/2021\/02\/riku-honkasalo-2-1096x1536.jpg 1096w, https:\/\/www.askolankokoomus.fi\/wp-content\/uploads\/2021\/02\/riku-honkasalo-2-1462x2048.jpg 1462w, https:\/\/www.askolankokoomus.fi\/wp-content\/uploads\/2021\/02\/riku-honkasalo-2-scaled.jpg 1827w\" sizes=\"auto, (max-width: 214px) 100vw, 214px\" \/><\/a>Askolan Kokoomuksen syyskokous valitsi yhdistyksen puheenjohtajaksi vuodelle 2022 jatkamaan <strong>Riku Honkasalon<\/strong>. Yhdistyksen hallitukseen valittiin (satunnaisessa j\u00e4rjestyksess\u00e4): <strong>Mia Myllys, <\/strong><strong>Ari Forsberg<\/strong>, <strong>Jouni Vilkki<\/strong>, <strong>Irina Salojoki, <\/strong><strong>Heli H\u00e4m\u00e4l\u00e4inen, <\/strong><strong>Arttu Virkkunen, <\/strong><strong>Kati Ahopelto, Matti Pelander, <\/strong><strong>Jouko Pihlaja <\/strong>sek\u00e4<strong> Jarkko Inkeroinen. <\/strong>Toiminnantarkastajiksi valittiin<strong> Tero Suominen <\/strong>ja<strong> Ali Felin<\/strong>. Valittu uusi hallitus j\u00e4rjest\u00e4ytyy tammikuussa 2022.<\/p>\n","protected":false},"excerpt":{"rendered":"<p>Askolan Kokoomuksen syyskokous valitsi yhdistyksen puheenjohtajaksi vuodelle 2022 jatkamaan Riku Honkasalon. Yhdistyksen hallitukseen valittiin (satunnaisessa j\u00e4rjestyksess\u00e4): Mia Myllys, Ari Forsberg, Jouni Vilkki, Irina Salojoki, Heli H\u00e4m\u00e4l\u00e4inen, Arttu Virkkunen, Kati Ahopelto, Matti Pelander, Jouko Pihlaja sek\u00e4 Jarkko Inkeroinen. Toiminnantarkastajiksi valittiin Tero &hellip; <a href=\"https:\/\/www.askolankokoomus.fi\/?p=2271\">Lue loppuun <span class=\"meta-nav\">&rarr;<\/span><\/a><\/p>\n","protected":false},"author":1,"featured_media":0,"comment_status":"open","ping_status":"closed","sticky":false,"template":"","format":"standard","meta":{"footnotes":""},"categories":[3],"tags":[],"class_list":["post-2271","post","type-post","status-publish","format-standard","hentry","category-uutiset"],"_links":{"self":[{"href":"https:\/\/www.askolankokoomus.fi\/index.php?rest_route=\/wp\/v2\/posts\/2271","targetHints":{"allow":["GET"]}}],"collection":[{"href":"https:\/\/www.askolankokoomus.fi\/index.php?rest_route=\/wp\/v2\/posts"}],"about":[{"href":"https:\/\/www.askolankokoomus.fi\/index.php?rest_route=\/wp\/v2\/types\/post"}],"author":[{"embeddable":true,"href":"https:\/\/www.askolankokoomus.fi\/index.php?rest_route=\/wp\/v2\/users\/1"}],"replies":[{"embeddable":true,"href":"https:\/\/www.askolankokoomus.fi\/index.php?rest_route=%2Fwp%2Fv2%2Fcomments&post=2271"}],"version-history":[{"count":1,"href":"https:\/\/www.askolankokoomus.fi\/index.php?rest_route=\/wp\/v2\/posts\/2271\/revisions"}],"predecessor-version":[{"id":2272,"href":"https:\/\/www.askolankokoomus.fi\/index.php?rest_route=\/wp\/v2\/posts\/2271\/revisions\/2272"}],"wp:attachment":[{"href":"https:\/\/www.askolankokoomus.fi\/index.php?rest_route=%2Fwp%2Fv2%2Fmedia&parent=2271"}],"wp:term":[{"taxonomy":"category","embeddable":true,"href":"https:\/\/www.askolankokoomus.fi\/index.php?rest_route=%2Fwp%2Fv2%2Fcategories&post=2271"},{"taxonomy":"post_tag","embeddable":true,"href":"https:\/\/www.askolankokoomus.fi\/index.php?rest_route=%2Fwp%2Fv2%2Ftags&post=2271"}],"curies":[{"name":"wp","href":"https:\/\/api.w.org\/{rel}","templated":true}]}}