{"id":194,"date":"2012-04-03T11:08:56","date_gmt":"2012-04-03T08:08:56","guid":{"rendered":"http:\/\/www.askolankokoomus.fi\/?p=194"},"modified":"2012-04-03T11:09:21","modified_gmt":"2012-04-03T08:09:21","slug":"askolaan-saatava-koulukompromissi","status":"publish","type":"post","link":"https:\/\/www.askolankokoomus.fi\/?p=194","title":{"rendered":"Askolaan saatava koulukompromissi"},"content":{"rendered":"<p><a href=\"http:\/\/www.askolankokoomus.fi\/wp-content\/uploads\/2012\/04\/koulu2.jpg\"><img loading=\"lazy\" decoding=\"async\" class=\"alignleft size-thumbnail wp-image-197\" title=\"koulu\" src=\"https:\/\/www.askolankokoomus.fi\/wp-content\/uploads\/2012\/04\/koulu2-150x150.jpg\" alt=\"\" width=\"150\" height=\"150\" \/><\/a>(Askolan Kokoomuksen varapuheenjohtaja <strong>Riku Honkasalon<\/strong> kirjoitus on julkaistu my\u00f6s\u00a029.3.2012 Uusimaa-lehdess\u00e4)<\/p>\n<p>Askolaan saatava koulukompromissi<\/p>\n<p>Askolan koulukysymyksess\u00e4 on nyt aika siirty\u00e4 jaarittelusta ja kylien v\u00e4lisest\u00e4 kinastelusta konkreettisiin p\u00e4\u00e4t\u00f6ksiin. Runsaiden yhteydenottojen perusteella niin opettajien, oppilaiden kuin vanhempienkin pinna on katkeamassa, koska ahtaus sek\u00e4 Kirkonkyl\u00e4ss\u00e4 ett\u00e4 Monninkyl\u00e4ss\u00e4 on k\u00e4ym\u00e4ss\u00e4 siet\u00e4m\u00e4tt\u00f6m\u00e4ksi. Kummatkin koulut tarvitsevat lis\u00e4tilaa, ja parakeilla tai lis\u00e4venkoilulla asiaa ei nyt en\u00e4\u00e4 ratkaista. <!--more--><\/p>\n<p>Yhden yhten\u00e4iskoulun rakentaminen n\u00e4ivett\u00e4isi toisen keskustaajaman, ja toisi mukanaan massiivisen kyyditysrallin. Kahta kokonaan uutta koulurakennusta Askolan kunnalla ei ole nykyisess\u00e4 taloustilanteessa \u2013 saati l\u00e4hitulevaisuudessakaan \u2013 varaa rakentaa.\u00a0 Lis\u00e4ksi valtionavut uudiskohteisiin ovat k\u00e4yt\u00e4nn\u00f6ss\u00e4 j\u00e4\u00e4ss\u00e4.<\/p>\n<p>Lasten etu ei edellyt\u00e4 lasipalatsien rakentamista. Viihtyis\u00e4 ja terveellinen oppimisymp\u00e4rist\u00f6 on mahdollista toteuttaa my\u00f6s veronmaksajien kukkaroa miellytt\u00e4v\u00e4ll\u00e4 tavalla. Lis\u00e4tila poistaa ahtauden tunteen my\u00f6s vanhoista tiloista, joita voidaan uusrakentamisesta s\u00e4\u00e4styneill\u00e4 resursseilla kunnostaa 2000-luvun kriteerit t\u00e4ytt\u00e4viksi. \u00a0Askolassa ei ole en\u00e4\u00e4 varaa purkaa tai muutoin hyl\u00e4t\u00e4 yht\u00e4\u00e4n k\u00e4ytt\u00f6kelpoista julkista tilaa, jota voidaan k\u00e4ytt\u00e4\u00e4 kuntalaisten ja varsinkin kasvavan nuorison hy\u00f6dyksi.<\/p>\n<p>Monissa kasvukunnissa koulujen tilanpuute on ratkaistu paikalle tuoduilla, moderneilla ja kustannustehokkailla koulurakennuksilla.\u00a0 T\u00e4llaiset rakennukset (joita ei pid\u00e4 sekoittaa parakkeihin) ovat ulkon\u00e4\u00f6lt\u00e4\u00e4n miellytt\u00e4vi\u00e4, koulutilana viihtyisi\u00e4 ja viel\u00e4p\u00e4 energiatehokkaampia kuin mik\u00e4\u00e4n Askolan nykyinen julkinen rakennus. T\u00e4llaisille rakennuksille l\u00f6ytyisi ilman viiv\u00e4stytt\u00e4v\u00e4\u00e4 byrokratiaa paikat niin Monninkyl\u00e4n p\u00e4iv\u00e4kodin kuin Askolan koulunkin vierest\u00e4. Monninkyl\u00e4ss\u00e4 n\u00e4ihin tiloihin voitaisiin sijoittaa luokat 0-2 ja Kirkonkyl\u00e4ss\u00e4 luontevimmin luokat 5-6. Kirkonkyl\u00e4ss\u00e4 nykyisen koulutontin ahtauden vuoksi siis ala- ja yl\u00e4koulun nivelvaihe aikaistuisi, mutta vastineeksi tulisivat my\u00f6s yl\u00e4koulun l\u00e4heisyyden tarjoamat edut. Tilatarpeiden muuttuessa edell\u00e4 mainittuja rakennuksia on my\u00f6s mahdollista siirt\u00e4\u00e4 kohtuullisin kustannuksin.<\/p>\n<p>Kunnanhallitus saattaa esitt\u00e4\u00e4 jotain muutakin, mutta viime k\u00e4dess\u00e4 asian p\u00e4\u00e4tt\u00e4\u00e4 valtuusto. Askolan Kokoomus on jo pitk\u00e4\u00e4n rakentanut kest\u00e4v\u00e4\u00e4 ja kaikkien osapuolten hyv\u00e4ksytt\u00e4viss\u00e4 olevaa koulukompromissia. Edellytykset hyv\u00e4n ratkaisun l\u00f6ytymiselle ovat parantuneet viime viikkoina. Nyt tarvitaan rohkeutta vied\u00e4 oikea p\u00e4\u00e4t\u00f6s l\u00e4pi, jotta my\u00f6s k\u00e4yt\u00e4nn\u00f6n toteutukseen voidaan viimein ryhty\u00e4.<\/p>\n<p>Riku Honkasalo<br \/>\nMonninkyl\u00e4<\/p>\n","protected":false},"excerpt":{"rendered":"<p>(Askolan Kokoomuksen varapuheenjohtaja Riku Honkasalon kirjoitus on julkaistu my\u00f6s\u00a029.3.2012 Uusimaa-lehdess\u00e4) Askolaan saatava koulukompromissi Askolan koulukysymyksess\u00e4 on nyt aika siirty\u00e4 jaarittelusta ja kylien v\u00e4lisest\u00e4 kinastelusta konkreettisiin p\u00e4\u00e4t\u00f6ksiin. Runsaiden yhteydenottojen perusteella niin opettajien, oppilaiden kuin vanhempienkin pinna on katkeamassa, koska ahtaus sek\u00e4 &hellip; <a href=\"https:\/\/www.askolankokoomus.fi\/?p=194\">Lue loppuun <span class=\"meta-nav\">&rarr;<\/span><\/a><\/p>\n","protected":false},"author":1,"featured_media":0,"comment_status":"open","ping_status":"open","sticky":false,"template":"","format":"standard","meta":{"footnotes":""},"categories":[10,3],"tags":[],"class_list":["post-194","post","type-post","status-publish","format-standard","hentry","category-kirjoittanut-riku-honkasalo","category-uutiset"],"_links":{"self":[{"href":"https:\/\/www.askolankokoomus.fi\/index.php?rest_route=\/wp\/v2\/posts\/194","targetHints":{"allow":["GET"]}}],"collection":[{"href":"https:\/\/www.askolankokoomus.fi\/index.php?rest_route=\/wp\/v2\/posts"}],"about":[{"href":"https:\/\/www.askolankokoomus.fi\/index.php?rest_route=\/wp\/v2\/types\/post"}],"author":[{"embeddable":true,"href":"https:\/\/www.askolankokoomus.fi\/index.php?rest_route=\/wp\/v2\/users\/1"}],"replies":[{"embeddable":true,"href":"https:\/\/www.askolankokoomus.fi\/index.php?rest_route=%2Fwp%2Fv2%2Fcomments&post=194"}],"version-history":[{"count":2,"href":"https:\/\/www.askolankokoomus.fi\/index.php?rest_route=\/wp\/v2\/posts\/194\/revisions"}],"predecessor-version":[{"id":199,"href":"https:\/\/www.askolankokoomus.fi\/index.php?rest_route=\/wp\/v2\/posts\/194\/revisions\/199"}],"wp:attachment":[{"href":"https:\/\/www.askolankokoomus.fi\/index.php?rest_route=%2Fwp%2Fv2%2Fmedia&parent=194"}],"wp:term":[{"taxonomy":"category","embeddable":true,"href":"https:\/\/www.askolankokoomus.fi\/index.php?rest_route=%2Fwp%2Fv2%2Fcategories&post=194"},{"taxonomy":"post_tag","embeddable":true,"href":"https:\/\/www.askolankokoomus.fi\/index.php?rest_route=%2Fwp%2Fv2%2Ftags&post=194"}],"curies":[{"name":"wp","href":"https:\/\/api.w.org\/{rel}","templated":true}]}}