{"id":190,"date":"2012-03-02T17:14:31","date_gmt":"2012-03-02T14:14:31","guid":{"rendered":"http:\/\/www.askolankokoomus.fi\/?p=190"},"modified":"2012-05-11T12:39:56","modified_gmt":"2012-05-11T09:39:56","slug":"askolan-kokoomus-on-itsenaisen-askolan-puolella","status":"publish","type":"post","link":"https:\/\/www.askolankokoomus.fi\/?p=190","title":{"rendered":"Askolan Kokoomus on itsen\u00e4isen Askolan puolella"},"content":{"rendered":"<p><img loading=\"lazy\" decoding=\"async\" src=\"https:\/\/www.askolankokoomus.fi\/wp-content\/uploads\/2008\/05\/askolankok.jpg\" alt=\"\" width=\"109\" height=\"169\" \/>(Julkaistu Uusimaa-lehdess\u00e4 26.2.2012)<br \/>\nAskolan Kokoomus on pitk\u00e4j\u00e4nteisesti tehnyt ty\u00f6t\u00e4 itsen\u00e4isen Askolan eteen &#8211; ja aikoo my\u00f6s jatkaa tuota ty\u00f6t\u00e4. Nyt meill\u00e4 on k\u00e4siss\u00e4mme virkamiesty\u00f6ryhm\u00e4n esitys, johon maan hallitus ottaa kantaa kuntia kuultuaan. Ty\u00f6ryhm\u00e4n mielest\u00e4 yksikielinen Askola tulisi liitt\u00e4\u00e4 yhteen nelj\u00e4n kaksikielisen kunnan kanssa. Perusteluina liitokselle mainitaan l\u00e4hinn\u00e4 kauppa-asiointi Porvooseen sek\u00e4 Askolan ruotsinkielisten palvelujen v\u00e4itetty parantuminen. Tekstist\u00e4 loistaa asiantuntemuksen puute ja v\u00e4linpit\u00e4m\u00e4tt\u00f6myys.<br \/>\n<!--more--><\/p>\n<p>Kuntaliitos on vaihtoehto vain silloin, jos se todella hy\u00f6dytt\u00e4\u00e4 kuntalaisia. Nyt esitetty liitos ei paranna askolalaisten palveluita, eik\u00e4 tuo my\u00f6sk\u00e4\u00e4n todellisia s\u00e4\u00e4st\u00f6j\u00e4. Askola kuuluu maan muuttovoittokuntien ter\u00e4vimp\u00e4\u00e4n k\u00e4rkeen, ja kunnan verotulot kasvavat s\u00e4\u00e4nn\u00f6llisesti. Askolalla on hyv\u00e4t valmiudet s\u00e4ilytt\u00e4\u00e4 toimintakykyns\u00e4 ja j\u00e4rjest\u00e4\u00e4 hyv\u00e4t peruspalvelut kuntalaisilleen my\u00f6s tulevaisuudessa.<br \/>\nItsen\u00e4inen Askola on tahtotila, joka vaatii p\u00e4\u00e4m\u00e4\u00e4r\u00e4tietoista ty\u00f6t\u00e4 kotikunnan eteen. Ainoana pontimena itsen\u00e4isyydelle ei voi olla nykyisten valtarakenteiden ja \u2013asemien s\u00e4ilytt\u00e4minen, vaan t\u00e4rkeint\u00e4 on tavallisten askolalaisten etu ja hyv\u00e4t peruspalvelut. Johtot\u00e4htemme on siis kuntalaisen paras \u2013 ei poliittinen peli, paikallisia olosuhteita tuntemattoman keskushallinnon suositukset tai naapurikuntien painostus<br \/>\nVuonna 2030 meit\u00e4 askolalaisia on jopa 20 prosenttia nykyist\u00e4 enemm\u00e4n, ja ik\u00e4rakenteemme on maan parhaiden kuntien joukossa. T\u00e4llaisia kuntia ei tule repi\u00e4 hajalle. J\u00e4rkev\u00e4ll\u00e4 kuntayhteisty\u00f6ll\u00e4 ja kustannusvaihteluiden tasauksella voidaan jatkossa ehk\u00e4ist\u00e4 esimerkiksi erikoissairaanhoidon ongelmia, jotka johtivat Askolan veroprosentin nostamiseen kuluvalle vuodelle.<br \/>\nSuuressa osassa Suomea kunta- ja palvelurakenneuudistus on valitettavasti v\u00e4ist\u00e4m\u00e4t\u00f6n ja monesti my\u00f6s viimeinen keino turvata tasa-arvoiset hyvinvointipalvelut, kun kunnat eiv\u00e4t kykene suoriutumaan palveluteht\u00e4vist\u00e4\u00e4n. Meille kokoomuslaisille kuntalaisten palvelut ja hyvinvointi ovat valtarakenteita t\u00e4rke\u00e4mpi\u00e4. Suomi tarvitsee jatkossa enemm\u00e4n hoitajia kuin lis\u00e4johtajia tai valtaverkostoja.<\/p>\n<p>Askolan Kokoomus ry.<\/p>\n<p><strong>Jari Vettenranta\u00a0\u00a0\u00a0<\/strong>\u00a0\u00a0\u00a0\u00a0\u00a0\u00a0\u00a0\u00a0\u00a0\u00a0\u00a0\u00a0\u00a0\u00a0\u00a0\u00a0<strong>Riku Honkasalo<\/strong><br \/>\npuheenjohtaja\u00a0\u00a0\u00a0\u00a0\u00a0\u00a0\u00a0\u00a0\u00a0\u00a0\u00a0\u00a0\u00a0\u00a0\u00a0\u00a0\u00a0\u00a0\u00a0\u00a0\u00a0\u00a0\u00a0\u00a0\u00a0\u00a0\u00a0 varapuheenjohtaja<\/p>\n<p>&nbsp;<\/p>\n<p>Jari Vettenranta ja Riku Honkasalo osallistuvat Askolan kunnan edustajina Valtiovarainministeri\u00f6n j\u00e4rjest\u00e4m\u00e4\u00e4n kuntauudistuksen Uudenmaan aluekierrostilaisuuteen Helsingiss\u00e4 21.3.2012.<\/p>\n","protected":false},"excerpt":{"rendered":"<p>(Julkaistu Uusimaa-lehdess\u00e4 26.2.2012) Askolan Kokoomus on pitk\u00e4j\u00e4nteisesti tehnyt ty\u00f6t\u00e4 itsen\u00e4isen Askolan eteen &#8211; ja aikoo my\u00f6s jatkaa tuota ty\u00f6t\u00e4. Nyt meill\u00e4 on k\u00e4siss\u00e4mme virkamiesty\u00f6ryhm\u00e4n esitys, johon maan hallitus ottaa kantaa kuntia kuultuaan. Ty\u00f6ryhm\u00e4n mielest\u00e4 yksikielinen Askola tulisi liitt\u00e4\u00e4 yhteen nelj\u00e4n &hellip; <a href=\"https:\/\/www.askolankokoomus.fi\/?p=190\">Lue loppuun <span class=\"meta-nav\">&rarr;<\/span><\/a><\/p>\n","protected":false},"author":1,"featured_media":0,"comment_status":"open","ping_status":"open","sticky":false,"template":"","format":"standard","meta":{"footnotes":""},"categories":[10,3],"tags":[],"class_list":["post-190","post","type-post","status-publish","format-standard","hentry","category-kirjoittanut-riku-honkasalo","category-uutiset"],"_links":{"self":[{"href":"https:\/\/www.askolankokoomus.fi\/index.php?rest_route=\/wp\/v2\/posts\/190","targetHints":{"allow":["GET"]}}],"collection":[{"href":"https:\/\/www.askolankokoomus.fi\/index.php?rest_route=\/wp\/v2\/posts"}],"about":[{"href":"https:\/\/www.askolankokoomus.fi\/index.php?rest_route=\/wp\/v2\/types\/post"}],"author":[{"embeddable":true,"href":"https:\/\/www.askolankokoomus.fi\/index.php?rest_route=\/wp\/v2\/users\/1"}],"replies":[{"embeddable":true,"href":"https:\/\/www.askolankokoomus.fi\/index.php?rest_route=%2Fwp%2Fv2%2Fcomments&post=190"}],"version-history":[{"count":3,"href":"https:\/\/www.askolankokoomus.fi\/index.php?rest_route=\/wp\/v2\/posts\/190\/revisions"}],"predecessor-version":[{"id":201,"href":"https:\/\/www.askolankokoomus.fi\/index.php?rest_route=\/wp\/v2\/posts\/190\/revisions\/201"}],"wp:attachment":[{"href":"https:\/\/www.askolankokoomus.fi\/index.php?rest_route=%2Fwp%2Fv2%2Fmedia&parent=190"}],"wp:term":[{"taxonomy":"category","embeddable":true,"href":"https:\/\/www.askolankokoomus.fi\/index.php?rest_route=%2Fwp%2Fv2%2Fcategories&post=190"},{"taxonomy":"post_tag","embeddable":true,"href":"https:\/\/www.askolankokoomus.fi\/index.php?rest_route=%2Fwp%2Fv2%2Ftags&post=190"}],"curies":[{"name":"wp","href":"https:\/\/api.w.org\/{rel}","templated":true}]}}