{"id":167,"date":"2012-01-23T12:14:07","date_gmt":"2012-01-23T09:14:07","guid":{"rendered":"http:\/\/www.askolankokoomus.fi\/?p=167"},"modified":"2012-02-01T15:52:22","modified_gmt":"2012-02-01T12:52:22","slug":"niinisto-kakkoskierrokselle-myos-askolan-selvana-ykkosena","status":"publish","type":"post","link":"https:\/\/www.askolankokoomus.fi\/?p=167","title":{"rendered":"Sauli Niinist\u00f6 (numero 6) tasavallan presidentiksi !"},"content":{"rendered":"<p style=\"text-align: left;\"><img loading=\"lazy\" decoding=\"async\" class=\"alignleft\" title=\"sauli2\" src=\"https:\/\/www.askolankokoomus.fi\/wp-content\/uploads\/2011\/12\/sauli21-e1324302296769-113x150.jpg\" alt=\"\" width=\"113\" height=\"150\" \/>Kokoomuksen presidenttiehdokas, varatuomari <strong><a href=\"http:\/\/www.niinisto.fi\">Sauli Niinist\u00f6<\/a><\/strong> ker\u00e4si presidentinvaalien ensimm\u00e4isell\u00e4 kierroksella ylivoimaisesti eniten \u00e4\u00e4ni\u00e4 my\u00f6s Askolassa. Niinist\u00f6n kannatus Askolassa oli 37,8 prosenttia, eli hieman yli h\u00e4nen valtakunnallisen kannatuksensa. Niinist\u00f6 oli suosituin ehdokas kaikilla Askolan kolmella \u00e4\u00e4nestysalueella.\u00a0L\u00e4mmin kiitos kaikille Niinist\u00f6\u00e4 \u00e4\u00e4nest\u00e4neille! Suuri kannatus ei tullut yll\u00e4tyksen\u00e4, sill\u00e4 Niinist\u00f6 oli Askolassa suosituin ehdokas jo vuoden 2006 presidentinvaalien toisella kierroksella.\n<\/p>\n<p style=\"text-align: left;\">Helmikuun 5. p\u00e4iv\u00e4n\u00e4 k\u00e4yt\u00e4v\u00e4ll\u00e4 vaalien toisella kierroksella suomalaisilla sek\u00e4 askolalaisilla on erinomainen\u00a0mahdollisuus \u00e4\u00e4nest\u00e4\u00e4 maallemme todellinen arvojohtaja ja koko kansan presidentti. Sellainen on <strong><a href=\"http:\/\/www.niinisto.fi\">Sauli Niinist\u00f6 &#8211; numero 6<\/a><\/strong>.<\/p>\n","protected":false},"excerpt":{"rendered":"<p>Kokoomuksen presidenttiehdokas, varatuomari Sauli Niinist\u00f6 ker\u00e4si presidentinvaalien ensimm\u00e4isell\u00e4 kierroksella ylivoimaisesti eniten \u00e4\u00e4ni\u00e4 my\u00f6s Askolassa. Niinist\u00f6n kannatus Askolassa oli 37,8 prosenttia, eli hieman yli h\u00e4nen valtakunnallisen kannatuksensa. Niinist\u00f6 oli suosituin ehdokas kaikilla Askolan kolmella \u00e4\u00e4nestysalueella.\u00a0L\u00e4mmin kiitos kaikille Niinist\u00f6\u00e4 \u00e4\u00e4nest\u00e4neille! Suuri kannatus &hellip; <a href=\"https:\/\/www.askolankokoomus.fi\/?p=167\">Lue loppuun <span class=\"meta-nav\">&rarr;<\/span><\/a><\/p>\n","protected":false},"author":1,"featured_media":0,"comment_status":"open","ping_status":"open","sticky":false,"template":"","format":"standard","meta":{"footnotes":""},"categories":[3],"tags":[],"class_list":["post-167","post","type-post","status-publish","format-standard","hentry","category-uutiset"],"_links":{"self":[{"href":"https:\/\/www.askolankokoomus.fi\/index.php?rest_route=\/wp\/v2\/posts\/167","targetHints":{"allow":["GET"]}}],"collection":[{"href":"https:\/\/www.askolankokoomus.fi\/index.php?rest_route=\/wp\/v2\/posts"}],"about":[{"href":"https:\/\/www.askolankokoomus.fi\/index.php?rest_route=\/wp\/v2\/types\/post"}],"author":[{"embeddable":true,"href":"https:\/\/www.askolankokoomus.fi\/index.php?rest_route=\/wp\/v2\/users\/1"}],"replies":[{"embeddable":true,"href":"https:\/\/www.askolankokoomus.fi\/index.php?rest_route=%2Fwp%2Fv2%2Fcomments&post=167"}],"version-history":[{"count":12,"href":"https:\/\/www.askolankokoomus.fi\/index.php?rest_route=\/wp\/v2\/posts\/167\/revisions"}],"predecessor-version":[{"id":183,"href":"https:\/\/www.askolankokoomus.fi\/index.php?rest_route=\/wp\/v2\/posts\/167\/revisions\/183"}],"wp:attachment":[{"href":"https:\/\/www.askolankokoomus.fi\/index.php?rest_route=%2Fwp%2Fv2%2Fmedia&parent=167"}],"wp:term":[{"taxonomy":"category","embeddable":true,"href":"https:\/\/www.askolankokoomus.fi\/index.php?rest_route=%2Fwp%2Fv2%2Fcategories&post=167"},{"taxonomy":"post_tag","embeddable":true,"href":"https:\/\/www.askolankokoomus.fi\/index.php?rest_route=%2Fwp%2Fv2%2Ftags&post=167"}],"curies":[{"name":"wp","href":"https:\/\/api.w.org\/{rel}","templated":true}]}}