{"id":148,"date":"2011-12-19T16:12:28","date_gmt":"2011-12-19T13:12:28","guid":{"rendered":"http:\/\/www.askolankokoomus.fi\/?p=148"},"modified":"2012-01-23T12:14:32","modified_gmt":"2012-01-23T09:14:32","slug":"148","status":"publish","type":"post","link":"https:\/\/www.askolankokoomus.fi\/?p=148","title":{"rendered":"Rauhallista joulua ja kiitokset vuodesta 2011! Blogissa on uusi p\u00e4ivitys ja Sauli Niinist\u00f6n presidentinvaalikampanja etenee."},"content":{"rendered":"<p>Askolan Kokoomus kiitt\u00e4\u00e4 j\u00e4seni\u00e4\u00e4n, kannattajiaan ja kaikkia kuntalaisia sek\u00e4 t\u00e4m\u00e4n sivuston muita lukijoita vuodesta 2011. Toivotamme kaikille onnellista ja rauhallista joulunaikaa!<\/p>\n<p>Askolan kunnallispolitiikan loppuvuosi on ollut repalainen, ja joulurauha toivottavasti ylt\u00e4\u00e4 t\u00e4nnekin asti. <a href=\"http:\/\/www.askolankokoomus.fi\/?page_id=48 \">T\u00e4m\u00e4n sivun blogi-osioon<\/a> on nyt p\u00e4ivitetty Uusimaa-lehdess\u00e4kin julkaistu valtuutettu <strong>Saga Simelius-Niemisen<\/strong> kirjoitus liittyen kunnanjohtajan erottamisesta tehtyyn aloitteeseen (jota kokoomuslaiset eiv\u00e4t allekirjoittaneet).<\/p>\n<p>Askolan Kokoomus tukee ja tekee vaality\u00f6t\u00e4 varatuomari <a href=\"http:\/\/www.niinisto.fi\"><strong>Sauli Niinist\u00f6n<\/strong> <\/a>valitsemiseksi tasavallan seuraavaksi presidentiksi. Linkin kautta voitte ilmoittautua Niinist\u00f6n julkisiksi tukijoiksi ja\u00a0my\u00f6s vapaaehtoisiksi kampanjaty\u00f6ntekij\u00f6iksi.<\/p>\n<p><!--more--><\/p>\n<p>P\u00e4\u00e4ttyv\u00e4 vuosi 2011\u00a0on kokoomuslaisittain ollut valtakunnallisesti ikimuistoinen. Kokoomus on nyt ensimm\u00e4ist\u00e4 kertaa maan suurin puolue\u00a0sek\u00e4 eduskunta-, ett\u00e4\u00a0kuntavaaleissa mitattuna. Yli 20 vuoden tauon j\u00e4lkeen Suomella on kokoomuslainen p\u00e4\u00e4ministeri, ja lis\u00e4ksi Suomella on 56 vuoden tauon j\u00e4lkeen mahdollisuus saada my\u00f6s kokoomustaustainen presidentti.<\/p>\n<p>Kokoomuksen kannatus on eduskuntavaalien j\u00e4lkeisiss\u00e4 mielipidetiedustelussa jatkanut nousuaan. On syyt\u00e4 olettaa, ett\u00e4 Kokoomuksen kannatus Askolassakin on entisest\u00e4\u00e4n vahvistumassa. Taivaasta t\u00e4m\u00e4 nousu ei ole tipahtanut, vaan uskomme sen olevan seurausta johdonmukaisesta, avoimesta\u00a0ja perustellusta toiminnasta kuntalaisten ja kunnan kaikkien osien\u00a0hyv\u00e4ksi. T\u00e4ss\u00e4 hyv\u00e4n\u00e4 ohjenuorana on ollut nelj\u00e4 vuotta sitten p\u00e4\u00e4tt\u00e4m\u00e4mme toimintaohjelma. Nyt olemme laatimassa toimintaohjelmaa seuraavalle nelivuotiskaudelle, ja uusi ohjelma tullaan julkistamaan t\u00e4ll\u00e4 sivulla kev\u00e4\u00e4n 2012 aikana.<\/p>\n<p>Olemme k\u00e4ym\u00e4ss\u00e4 kohti kuntavaalivuotta, ja Askolan Kokoomuksessa tekemisen meininki vain tiivistyy. Ehdokashankinta on jo k\u00e4ynnistynyt. Ehdokkuudesta kiinnostuneiden kannattaa ehdottomasti ottaa meihin yhteytt\u00e4 &#8211; ellemme satu ehtim\u00e4\u00e4n ensin. Pidet\u00e4\u00e4n yhdess\u00e4 huolta siit\u00e4, ett\u00e4 askolalaisten voimavarat jatkossakin hy\u00f6dynt\u00e4v\u00e4t parhaiten juuri Askolaa ja sen asukkaita!<\/p>\n","protected":false},"excerpt":{"rendered":"<p>Askolan Kokoomus kiitt\u00e4\u00e4 j\u00e4seni\u00e4\u00e4n, kannattajiaan ja kaikkia kuntalaisia sek\u00e4 t\u00e4m\u00e4n sivuston muita lukijoita vuodesta 2011. Toivotamme kaikille onnellista ja rauhallista joulunaikaa! Askolan kunnallispolitiikan loppuvuosi on ollut repalainen, ja joulurauha toivottavasti ylt\u00e4\u00e4 t\u00e4nnekin asti. T\u00e4m\u00e4n sivun blogi-osioon on nyt p\u00e4ivitetty Uusimaa-lehdess\u00e4kin &hellip; <a href=\"https:\/\/www.askolankokoomus.fi\/?p=148\">Lue loppuun <span class=\"meta-nav\">&rarr;<\/span><\/a><\/p>\n","protected":false},"author":1,"featured_media":0,"comment_status":"open","ping_status":"open","sticky":false,"template":"","format":"standard","meta":{"footnotes":""},"categories":[3],"tags":[],"class_list":["post-148","post","type-post","status-publish","format-standard","hentry","category-uutiset"],"_links":{"self":[{"href":"https:\/\/www.askolankokoomus.fi\/index.php?rest_route=\/wp\/v2\/posts\/148","targetHints":{"allow":["GET"]}}],"collection":[{"href":"https:\/\/www.askolankokoomus.fi\/index.php?rest_route=\/wp\/v2\/posts"}],"about":[{"href":"https:\/\/www.askolankokoomus.fi\/index.php?rest_route=\/wp\/v2\/types\/post"}],"author":[{"embeddable":true,"href":"https:\/\/www.askolankokoomus.fi\/index.php?rest_route=\/wp\/v2\/users\/1"}],"replies":[{"embeddable":true,"href":"https:\/\/www.askolankokoomus.fi\/index.php?rest_route=%2Fwp%2Fv2%2Fcomments&post=148"}],"version-history":[{"count":10,"href":"https:\/\/www.askolankokoomus.fi\/index.php?rest_route=\/wp\/v2\/posts\/148\/revisions"}],"predecessor-version":[{"id":169,"href":"https:\/\/www.askolankokoomus.fi\/index.php?rest_route=\/wp\/v2\/posts\/148\/revisions\/169"}],"wp:attachment":[{"href":"https:\/\/www.askolankokoomus.fi\/index.php?rest_route=%2Fwp%2Fv2%2Fmedia&parent=148"}],"wp:term":[{"taxonomy":"category","embeddable":true,"href":"https:\/\/www.askolankokoomus.fi\/index.php?rest_route=%2Fwp%2Fv2%2Fcategories&post=148"},{"taxonomy":"post_tag","embeddable":true,"href":"https:\/\/www.askolankokoomus.fi\/index.php?rest_route=%2Fwp%2Fv2%2Ftags&post=148"}],"curies":[{"name":"wp","href":"https:\/\/api.w.org\/{rel}","templated":true}]}}