{"id":1321,"date":"2019-12-12T09:45:46","date_gmt":"2019-12-12T06:45:46","guid":{"rendered":"http:\/\/www.askolankokoomus.fi\/?p=1321"},"modified":"2020-09-02T00:28:09","modified_gmt":"2020-09-01T21:28:09","slug":"riku-honkasalo-monninkylan-koulu-on-askolan-kunnan-kohtalonkysymyksia","status":"publish","type":"post","link":"https:\/\/www.askolankokoomus.fi\/?p=1321","title":{"rendered":"Riku Honkasalo: Monninkyl\u00e4n koulu on Askolan kunnan kohtalonkysymyksi\u00e4"},"content":{"rendered":"<p class=\"western\"><b><a href=\"http:\/\/www.askolankokoomus.fi\/?attachment_id=22\" rel=\"attachment wp-att-22\"><img loading=\"lazy\" decoding=\"async\" class=\"alignleft size-thumbnail wp-image-22\" src=\"https:\/\/www.askolankokoomus.fi\/wp-content\/uploads\/2008\/09\/tn_017-150x150.jpg\" alt=\"\" width=\"150\" height=\"150\" \/><\/a><\/b>(p\u00e4ivitys syksyll\u00e4 2019):<br \/>\nMonninkyl\u00e4n koulun I-vaihe on vihdoinkin p\u00e4\u00e4ssyt toteutukseen. Parempi my\u00f6h\u00e4\u00e4n kuin ei milloinkaan. T\u00e4t\u00e4 on odotettu noin 15 vuotta! Kakkosvaiheen pit\u00e4isi toteutua heti per\u00e4\u00e4n, ja toivottavasti uusia viiv\u00e4styksi\u00e4 ei en\u00e4\u00e4 n\u00e4hd\u00e4. Kolmosvaihe on my\u00f6s toteutettava. Sosiaalisessa mediassa on esiintynyt k\u00e4sitt\u00e4m\u00e4tt\u00f6mi\u00e4 n\u00e4kemyksi\u00e4 siit\u00e4, ett\u00e4 Monninkyl\u00e4n koulu olisi ajanut Askolan kunnan talousahdinkoon. Kysymyksess\u00e4 on kuitenkin kunnan aivan keskeisin toiminto ja peruspalvelu. Sek\u00e4 lis\u00e4ksi tulevaisuusinvestointi. Sy\u00f6m\u00e4velkaa tehd\u00e4\u00e4n jossain aivan muualla. Olisi mielenkiintoista tiet\u00e4\u00e4, pit\u00e4isik\u00f6 n\u00e4iden somevaikuttajien mielest\u00e4 monninkyl\u00e4l\u00e4isten lapsien k\u00e4yd\u00e4 koulua pysyv\u00e4sti parakeissa vai kenties ulkosalla?<\/p>\n<p>(Alkuper\u00e4inen kirjoitus alkaa t\u00e4st\u00e4:) <span style=\"color: #000000;\">A<\/span>skolan kunnanvaltuusto on viimeisten 10 vuoden aikana p\u00e4\u00e4tt\u00e4nyt lukuisia kertoja Monninkyl\u00e4n koulun rakentamisesta tai rakentamatta j\u00e4tt\u00e4misest\u00e4. Aluksi asiassa v\u00e4\u00e4nnettiin kunnan p\u00e4\u00e4taajamien v\u00e4lill\u00e4, Kirkonkyl\u00e4n kuitenkin ollessa koko ajan niskan p\u00e4\u00e4ll\u00e4.<\/p>\n<p class=\"western\">Kunnan <em>edellisen<\/em> s\u00e4\u00e4st\u00f6ohjelman (2012) sivutuotteena puuhattiin koko kuntaan vain yht\u00e4 koulua. Ei ollut kovinkaan kaukana, ett\u00e4 niin Monninkyl\u00e4n kuin kunnan it\u00e4puolenkin lapset k\u00e4visiv\u00e4t nyt kouluaan uudessa Askolan yhten\u00e4iskoulussa. Onneksi saimme sen hankkeen suurella vaivalla kaadetuksi marraskuussa 2015, kun sek\u00e4 Askolan ja Monninkyl\u00e4n koulujen rakentamisesta p\u00e4\u00e4tettiin mainitussa j\u00e4rjestyksess\u00e4.<\/p>\n<p class=\"western\">Me tuolloiset p\u00e4\u00e4tt\u00e4j\u00e4t luulimme linjanneemme Askolan kouluolot pitk\u00e4lle tulevaisuuteen, mutta eih\u00e4n se tietenk\u00e4\u00e4n ihan niin ole mennyt. J\u00e4lleen kerran on n\u00e4hty p\u00e4\u00e4t\u00f6sten toimeenpanon merkitt\u00e4v\u00e4\u00e4 viiv\u00e4stymist\u00e4. Monninkyl\u00e4n koulu on nyt kokonaan v\u00e4liaikaistiloissa, ja nykyinen valtuusto on p\u00e4\u00e4tt\u00e4nyt vasta osittain niiden korvaamisesta. Viiv\u00e4stysten aika on nyt ohi ja vaaditaan tekoja!<\/p>\n<p class=\"western\"><!--more--><\/p>\n<p>Viel\u00e4 joulukuussa 2018 kunnanvaltuusto p\u00e4\u00e4tti m\u00e4\u00e4r\u00e4rahoista koulun vuosina 1979-85 rakennetun matalamman keltatiilisen osan elinkaaren pident\u00e4miseen. Vain kuukautta my\u00f6hemmin p\u00e4\u00e4dyttiin kunnan teknisess\u00e4 lautakunnassa viimeinkin siihen, mink\u00e4 koulun henkil\u00f6kunta, oppilaat ja vanhemmat ovat tienneet jo vuosikausia &#8211; rakennus on k\u00e4ytt\u00f6kelvoton.\u00a0 Monninkyl\u00e4n koulu palasikin pienen tauon j\u00e4lkeen enn\u00e4tysnopeasti parakkiaikaan, jonka voi vain toivoa j\u00e4\u00e4v\u00e4n t\u00e4ll\u00e4 kertaa mahdollisimman lyhyeksi.<\/p>\n<p class=\"western\">Monet meist\u00e4 silloisten oppilaiden vanhemmista katsoimme jo vuosikymmen sitten uudemman osan elinkaaren olevan vaikeiden sis\u00e4ilmaongelmien vuoksi lopussa. Ilmastointilaitteet saatiin, mutta itse syy ei tuulettamalla h\u00e4vinnyt. Lis\u00e4ksi laitteet maksoivat varmaankin nelj\u00e4sosan kokonaan uusien tilojen hinnasta. Ratkaisu oli liev\u00e4sti sanoen ep\u00e4onnistunut. Vastaaviin virheisiin ei ole en\u00e4\u00e4 varaa.<\/p>\n<p class=\"western\">Nykyisille oppilaille, vanhemmille ja henkil\u00f6kunnalle t\u00e4rkeint\u00e4 on vanhojen muistelun sijaan se mit\u00e4 koululle tapahtuu jatkossa. Toivottavasti emme kuule en\u00e4\u00e4 puheenvuoroja, joissa joku viel\u00e4 aiempia oudompi syy asetetaan lasten ja henkil\u00f6kunnan hyvinvoinnin edelle. Vaarana on my\u00f6s uusien v\u00e4ist\u00f6tilojen muuttuminen vakiotiloiksi, jollei poliittista yhteisymm\u00e4rryst\u00e4 tilanteen ratkaisemisesta nopeasti l\u00f6ydy.<\/p>\n<p>Kunnanvaltuusto kutsuttiin Askolan Keskustan edustajien toimesta kiireellisesti kokoon 14.2.2019. Keskustan perustelu kiireelle oli heid\u00e4n lupaamansa ratkaisumalli Monninkyl\u00e4n koulun asiaan. Keskustalla olisi ollut vuosikymmenen varrella mahdollisuus lukuisia kertoja \u00e4\u00e4nestysk\u00e4ytt\u00e4ytymisell\u00e4\u00e4n edist\u00e4\u00e4 asiaa, mutta sit\u00e4 on harvemmin heilt\u00e4 n\u00e4hty. T\u00e4ll\u00e4kin kertaa kiire kaikkosi matkan varrella, luvattu ratkaisumallikin j\u00e4i kuulematta, ja valtuusto p\u00e4\u00e4tti mahdollisimman niukalla enemmist\u00f6ll\u00e4 siirt\u00e4\u00e4 asian viel\u00e4 kerran uuteen valmisteluun.<\/p>\n<p>Jos t\u00e4m\u00e4 viel\u00e4 yksi aikalis\u00e4 tuottaa l\u00e4hikuukausien aikana sen p\u00e4\u00e4t\u00f6ksen, ett\u00e4 Monninkyl\u00e4n koulun tilat uusitaan kokonaisuudessaan 1,5-sarjaiseksi kouluksi vuosina 2019-20, lienee aikalis\u00e4 sen arvoista.<\/p>\n<p>Er\u00e4\u00e4n Keskustan n\u00e4kyv\u00e4n vaikuttajan valtuustossa 14.2.2019 k\u00e4ytt\u00e4m\u00e4 puheenvuoro mahdollisesta yksisarjaisesta koulusta nostaa j\u00e4lleen synkki\u00e4 pilvi\u00e4 taivaalle. En voi kuin ihmetell\u00e4 mihin t\u00e4ll\u00e4 taas pyrit\u00e4\u00e4n, paitsi tietysti h\u00e4mment\u00e4m\u00e4\u00e4n.<\/p>\n<p class=\"western\">Monninkyl\u00e4n koulujahkailu on vaurioittanut Askolan elinvoimaa ja mainetta niin kunnan lapsiperheiden, muiden asukkaiden kuin mahdollisten uusien asukkaiden keskuudessa. Sill\u00e4 on oma vaikutuksensa kunnan asukasluvun laskuun, verotulojen v\u00e4henemiseen ja tonttien sek\u00e4 asuntojen myyntiin.<\/p>\n<p>Askolan nykyiset p\u00e4\u00e4tt\u00e4j\u00e4t: Monninkyl\u00e4n koulun tilojen uudistaminen vaatii teilt\u00e4 kyky\u00e4 ja halua vied\u00e4 asia onnellisesti maaliin. Oikokaa ne viimeisetkin mutkat asiassa!<\/p>\n<p class=\"western\"><strong>Riku Honkasalo<br \/>\n<\/strong>Askolan kunnanvaltuuston puheenjohtaja 2013-16 (kok.)<br \/>\nMuutaman entisen ja viel\u00e4 tulevankin Monninkyl\u00e4n koululaisen is\u00e4<\/p>\n","protected":false},"excerpt":{"rendered":"<p>(p\u00e4ivitys syksyll\u00e4 2019): Monninkyl\u00e4n koulun I-vaihe on vihdoinkin p\u00e4\u00e4ssyt toteutukseen. Parempi my\u00f6h\u00e4\u00e4n kuin ei milloinkaan. T\u00e4t\u00e4 on odotettu noin 15 vuotta! Kakkosvaiheen pit\u00e4isi toteutua heti per\u00e4\u00e4n, ja toivottavasti uusia viiv\u00e4styksi\u00e4 ei en\u00e4\u00e4 n\u00e4hd\u00e4. Kolmosvaihe on my\u00f6s toteutettava. Sosiaalisessa mediassa on &hellip; <a href=\"https:\/\/www.askolankokoomus.fi\/?p=1321\">Lue loppuun <span class=\"meta-nav\">&rarr;<\/span><\/a><\/p>\n","protected":false},"author":1,"featured_media":0,"comment_status":"open","ping_status":"open","sticky":false,"template":"","format":"standard","meta":{"footnotes":""},"categories":[10,9,3],"tags":[],"class_list":["post-1321","post","type-post","status-publish","format-standard","hentry","category-kirjoittanut-riku-honkasalo","category-riku-honkasalo","category-uutiset"],"_links":{"self":[{"href":"https:\/\/www.askolankokoomus.fi\/index.php?rest_route=\/wp\/v2\/posts\/1321","targetHints":{"allow":["GET"]}}],"collection":[{"href":"https:\/\/www.askolankokoomus.fi\/index.php?rest_route=\/wp\/v2\/posts"}],"about":[{"href":"https:\/\/www.askolankokoomus.fi\/index.php?rest_route=\/wp\/v2\/types\/post"}],"author":[{"embeddable":true,"href":"https:\/\/www.askolankokoomus.fi\/index.php?rest_route=\/wp\/v2\/users\/1"}],"replies":[{"embeddable":true,"href":"https:\/\/www.askolankokoomus.fi\/index.php?rest_route=%2Fwp%2Fv2%2Fcomments&post=1321"}],"version-history":[{"count":14,"href":"https:\/\/www.askolankokoomus.fi\/index.php?rest_route=\/wp\/v2\/posts\/1321\/revisions"}],"predecessor-version":[{"id":1444,"href":"https:\/\/www.askolankokoomus.fi\/index.php?rest_route=\/wp\/v2\/posts\/1321\/revisions\/1444"}],"wp:attachment":[{"href":"https:\/\/www.askolankokoomus.fi\/index.php?rest_route=%2Fwp%2Fv2%2Fmedia&parent=1321"}],"wp:term":[{"taxonomy":"category","embeddable":true,"href":"https:\/\/www.askolankokoomus.fi\/index.php?rest_route=%2Fwp%2Fv2%2Fcategories&post=1321"},{"taxonomy":"post_tag","embeddable":true,"href":"https:\/\/www.askolankokoomus.fi\/index.php?rest_route=%2Fwp%2Fv2%2Ftags&post=1321"}],"curies":[{"name":"wp","href":"https:\/\/api.w.org\/{rel}","templated":true}]}}