{"id":118,"date":"2011-08-30T21:32:44","date_gmt":"2011-08-30T18:32:44","guid":{"rendered":"http:\/\/www.askolankokoomus.fi\/?p=118"},"modified":"2011-09-05T10:52:32","modified_gmt":"2011-09-05T07:52:32","slug":"ministeri-jari-koskinen-ja-puoluejohtoa-tavattavissa-terehtoorissa-ti-30-8","status":"publish","type":"post","link":"https:\/\/www.askolankokoomus.fi\/?p=118","title":{"rendered":"Kokoomusjohtoa vieraili Askolassa 30.8.2011"},"content":{"rendered":"<p><a href=\"http:\/\/www.askolankokoomus.fi\/wp-content\/uploads\/2011\/08\/jarikoskinen.jpg\"><img loading=\"lazy\" decoding=\"async\" class=\"alignleft size-thumbnail wp-image-119\" title=\"jarikoskinen\" src=\"https:\/\/www.askolankokoomus.fi\/wp-content\/uploads\/2011\/08\/jarikoskinen-128x150.jpg\" alt=\"\" width=\"128\" height=\"150\" \/><\/a>Kokoomuksen eduskuntaryhm\u00e4 piti kes\u00e4kokoustaan Loviisassa tiistaina 30.8.2011. Samana p\u00e4iv\u00e4n\u00e4 Askolan Kokoomus sai vieraakseen \u00a0Taidekahvila Tereht\u00f6\u00f6riin maa- ja mets\u00e4talousministeri <strong>Jari Koskisen <\/strong>sek\u00e4\u00a0puolueen varapuheenjohtaja, kansanedustaja\u00a0<strong>Anne-Mari Virolaisen<\/strong>. Tilaisuudessa k\u00e4ytiin\u00a0vilkasta keskustelua\u00a0luonnollisesti maa-\u00a0ja mets\u00e4talouteen liittyvist\u00e4 kysymyksist\u00e4, mutta my\u00f6s ajankohtaisesta kunta- ja palvelurakenteen uudistukseen liittyvist\u00e4 aiheista ja erityisesti Askolan asemasta\u00a0muutospaineiden keskell\u00e4.\u00a0Kiitokset tilaisuuteen osallistuneille!<\/p>\n<p>&nbsp;<\/p>\n","protected":false},"excerpt":{"rendered":"<p>Kokoomuksen eduskuntaryhm\u00e4 piti kes\u00e4kokoustaan Loviisassa tiistaina 30.8.2011. Samana p\u00e4iv\u00e4n\u00e4 Askolan Kokoomus sai vieraakseen \u00a0Taidekahvila Tereht\u00f6\u00f6riin maa- ja mets\u00e4talousministeri Jari Koskisen sek\u00e4\u00a0puolueen varapuheenjohtaja, kansanedustaja\u00a0Anne-Mari Virolaisen. Tilaisuudessa k\u00e4ytiin\u00a0vilkasta keskustelua\u00a0luonnollisesti maa-\u00a0ja mets\u00e4talouteen liittyvist\u00e4 kysymyksist\u00e4, mutta my\u00f6s ajankohtaisesta kunta- ja palvelurakenteen uudistukseen liittyvist\u00e4 aiheista &hellip; <a href=\"https:\/\/www.askolankokoomus.fi\/?p=118\">Lue loppuun <span class=\"meta-nav\">&rarr;<\/span><\/a><\/p>\n","protected":false},"author":1,"featured_media":0,"comment_status":"open","ping_status":"open","sticky":false,"template":"","format":"standard","meta":{"footnotes":""},"categories":[3],"tags":[],"class_list":["post-118","post","type-post","status-publish","format-standard","hentry","category-uutiset"],"_links":{"self":[{"href":"https:\/\/www.askolankokoomus.fi\/index.php?rest_route=\/wp\/v2\/posts\/118","targetHints":{"allow":["GET"]}}],"collection":[{"href":"https:\/\/www.askolankokoomus.fi\/index.php?rest_route=\/wp\/v2\/posts"}],"about":[{"href":"https:\/\/www.askolankokoomus.fi\/index.php?rest_route=\/wp\/v2\/types\/post"}],"author":[{"embeddable":true,"href":"https:\/\/www.askolankokoomus.fi\/index.php?rest_route=\/wp\/v2\/users\/1"}],"replies":[{"embeddable":true,"href":"https:\/\/www.askolankokoomus.fi\/index.php?rest_route=%2Fwp%2Fv2%2Fcomments&post=118"}],"version-history":[{"count":9,"href":"https:\/\/www.askolankokoomus.fi\/index.php?rest_route=\/wp\/v2\/posts\/118\/revisions"}],"predecessor-version":[{"id":129,"href":"https:\/\/www.askolankokoomus.fi\/index.php?rest_route=\/wp\/v2\/posts\/118\/revisions\/129"}],"wp:attachment":[{"href":"https:\/\/www.askolankokoomus.fi\/index.php?rest_route=%2Fwp%2Fv2%2Fmedia&parent=118"}],"wp:term":[{"taxonomy":"category","embeddable":true,"href":"https:\/\/www.askolankokoomus.fi\/index.php?rest_route=%2Fwp%2Fv2%2Fcategories&post=118"},{"taxonomy":"post_tag","embeddable":true,"href":"https:\/\/www.askolankokoomus.fi\/index.php?rest_route=%2Fwp%2Fv2%2Ftags&post=118"}],"curies":[{"name":"wp","href":"https:\/\/api.w.org\/{rel}","templated":true}]}}